{"id":172010,"date":"2021-03-08T15:17:07","date_gmt":"2021-03-08T13:17:07","guid":{"rendered":"http:\/\/107.6.182.27\/es\/?p=172010"},"modified":"2021-03-08T15:17:07","modified_gmt":"2021-03-08T13:17:07","slug":"teheran-condena-agresion-estadounidense-contra-partes-del-territorio-sirio","status":"publish","type":"post","link":"https:\/\/archive.sana.sy\/es\/?p=172010","title":{"rendered":"Teher\u00e1n condena agresi\u00f3n estadounidense contra partes del territorio sirio"},"content":{"rendered":"<p style=\"text-align: justify;\"><span style=\"color: #800000;\"><strong>Teher\u00e1n, SANA<\/strong><\/span><\/p>\n<p style=\"text-align: justify;\">El canciller iran\u00ed, Mohammad Javad Zarif, afirm\u00f3 que la agresi\u00f3n estadounidense contra \u00e1reas en la provincia de Deir Ezzor cerca de la frontera sirio-iraqu\u00ed el mes pasado es una grave violaci\u00f3n de la soberan\u00eda e integridad territorial de Siria.<\/p>\n<p style=\"text-align: justify;\">En una entrevista con el peri\u00f3dico Mardam Salari, Zarif dijo que el paso que tomaron contra la unidad y la soberan\u00eda del territorio sirio ha sido muy peligroso, y s\u00f3lo trae m\u00e1s desestabilizaci\u00f3n de la seguridad en la regi\u00f3n.&#8221;<\/p>\n<p style=\"text-align: justify;\"><strong><span style=\"color: #0000ff;\">ed\/r.sh<\/span><\/strong><\/p>\n<p style=\"text-align: justify;\">\n","protected":false},"excerpt":{"rendered":"<p>Teher\u00e1n, SANA El canciller iran\u00ed, Mohammad Javad Zarif, afirm\u00f3 que la agresi\u00f3n estadounidense contra \u00e1reas en la provincia de Deir Ezzor cerca de la frontera sirio-iraqu\u00ed el mes pasado es una grave violaci\u00f3n de la soberan\u00eda e integridad territorial de Siria. En una entrevista con el peri\u00f3dico Mardam Salari, Zarif dijo que el paso que &hellip;<\/p>\n","protected":false},"author":32,"featured_media":172011,"comment_status":"closed","ping_status":"closed","sticky":false,"template":"","format":"standard","meta":{"footnotes":""},"categories":[597,467,7541],"tags":[],"class_list":["post-172010","post","type-post","status-publish","format-standard","has-post-thumbnail","","category-cinta-de-noticias","category-siria-y-el-mundo","category-ultimas-noticias"],"_links":{"self":[{"href":"https:\/\/archive.sana.sy\/es\/index.php?rest_route=\/wp\/v2\/posts\/172010"}],"collection":[{"href":"https:\/\/archive.sana.sy\/es\/index.php?rest_route=\/wp\/v2\/posts"}],"about":[{"href":"https:\/\/archive.sana.sy\/es\/index.php?rest_route=\/wp\/v2\/types\/post"}],"author":[{"embeddable":true,"href":"https:\/\/archive.sana.sy\/es\/index.php?rest_route=\/wp\/v2\/users\/32"}],"replies":[{"embeddable":true,"href":"https:\/\/archive.sana.sy\/es\/index.php?rest_route=%2Fwp%2Fv2%2Fcomments&post=172010"}],"version-history":[{"count":0,"href":"https:\/\/archive.sana.sy\/es\/index.php?rest_route=\/wp\/v2\/posts\/172010\/revisions"}],"wp:featuredmedia":[{"embeddable":true,"href":"https:\/\/archive.sana.sy\/es\/index.php?rest_route=\/wp\/v2\/media\/172011"}],"wp:attachment":[{"href":"https:\/\/archive.sana.sy\/es\/index.php?rest_route=%2Fwp%2Fv2%2Fmedia&parent=172010"}],"wp:term":[{"taxonomy":"category","embeddable":true,"href":"https:\/\/archive.sana.sy\/es\/index.php?rest_route=%2Fwp%2Fv2%2Fcategories&post=172010"},{"taxonomy":"post_tag","embeddable":true,"href":"https:\/\/archive.sana.sy\/es\/index.php?rest_route=%2Fwp%2Fv2%2Ftags&post=172010"}],"curies":[{"name":"wp","href":"https:\/\/api.w.org\/{rel}","templated":true}]}}