{"id":172015,"date":"2021-03-08T15:43:42","date_gmt":"2021-03-08T13:43:42","guid":{"rendered":"http:\/\/107.6.182.27\/es\/?p=172015"},"modified":"2023-01-09T14:07:52","modified_gmt":"2023-01-09T12:07:52","slug":"crisis-de-pan-debida-a-la-expropiacion-de-panaderias-publicas-por-la-milicia-fds","status":"publish","type":"post","link":"https:\/\/archive.sana.sy\/es\/?p=172015","title":{"rendered":"Crisis de pan debida a la expropiaci\u00f3n de panader\u00edas p\u00fablicas por la milicia FDS"},"content":{"rendered":"<p style=\"text-align: justify;\"><span style=\"color: #800000;\"><strong>Hasakeh, SANA<\/strong><\/span><\/p>\n<p style=\"text-align: justify;\">Las zonas de la provincia de Hasakeh controladas por la milicia proestadounidense FDS, se ha agravado el sufrimiento de la poblaci\u00f3n local tras la incautaci\u00f3n de molinos, panader\u00edas p\u00fablicas y muchas de las privadas.<\/p>\n<p style=\"text-align: justify;\">All\u00ed aumentan las quejas ciudadanas por la falta de pan, que los agobia y les agrega m\u00e1s carga econ\u00f3mica a la luz de las condiciones de vida vigentes, en medio de exigencias por devolver los molinos y panader\u00edas a las autoridades gubernamentales para reabastecer el pan.<\/p>\n<p style=\"text-align: justify;\">Ahmad, un trabajador que tiene una familia de cinco miembros, dijo al corresponsal de SANA que la producci\u00f3n de la panader\u00eda en el barrio de Guiaran, donde vive, ha disminuido considerablemente, luego de que la milicia FDS se apoder\u00f3 de ella, lo que ha mermado la producci\u00f3n.<\/p>\n<p style=\"text-align: justify;\">Por su parte, el miembro de la Oficina Ejecutiva de la gobernaci\u00f3n, Sattam Howeidi, explic\u00f3 al reportero de SANA que la causa del sufrimiento de la poblaci\u00f3n es resultado de la confiscaci\u00f3n, por parte de la milicia &#8220;FDS&#8221;, de los establecimientos productores de pan como los molinos y las panader\u00edas que tuvieron que cerrar por falta de harina, lo que gener\u00f3 una aguda crisis en el suministro de pan privando a los habitantes de este insumo b\u00e1sico para la vida.<\/p>\n<p style=\"text-align: justify;\"><span style=\"color: #0000ff;\"><strong>ed\/r.sh<\/strong><\/span><\/p>\n","protected":false},"excerpt":{"rendered":"<p>Hasakeh, SANA Las zonas de la provincia de Hasakeh controladas por la milicia proestadounidense FDS, se ha agravado el sufrimiento de la poblaci\u00f3n local tras la incautaci\u00f3n de molinos, panader\u00edas p\u00fablicas y muchas de las privadas. All\u00ed aumentan las quejas ciudadanas por la falta de pan, que los agobia y les agrega m\u00e1s carga econ\u00f3mica &hellip;<\/p>\n","protected":false},"author":32,"featured_media":172016,"comment_status":"closed","ping_status":"closed","sticky":false,"template":"","format":"standard","meta":{"footnotes":""},"categories":[477,597,476,7541],"tags":[],"class_list":["post-172015","post","type-post","status-publish","format-standard","has-post-thumbnail","","category-noticias-edulcorantes","category-cinta-de-noticias","category-locales","category-ultimas-noticias"],"_links":{"self":[{"href":"https:\/\/archive.sana.sy\/es\/index.php?rest_route=\/wp\/v2\/posts\/172015"}],"collection":[{"href":"https:\/\/archive.sana.sy\/es\/index.php?rest_route=\/wp\/v2\/posts"}],"about":[{"href":"https:\/\/archive.sana.sy\/es\/index.php?rest_route=\/wp\/v2\/types\/post"}],"author":[{"embeddable":true,"href":"https:\/\/archive.sana.sy\/es\/index.php?rest_route=\/wp\/v2\/users\/32"}],"replies":[{"embeddable":true,"href":"https:\/\/archive.sana.sy\/es\/index.php?rest_route=%2Fwp%2Fv2%2Fcomments&post=172015"}],"version-history":[{"count":0,"href":"https:\/\/archive.sana.sy\/es\/index.php?rest_route=\/wp\/v2\/posts\/172015\/revisions"}],"wp:featuredmedia":[{"embeddable":true,"href":"https:\/\/archive.sana.sy\/es\/index.php?rest_route=\/wp\/v2\/media\/172016"}],"wp:attachment":[{"href":"https:\/\/archive.sana.sy\/es\/index.php?rest_route=%2Fwp%2Fv2%2Fmedia&parent=172015"}],"wp:term":[{"taxonomy":"category","embeddable":true,"href":"https:\/\/archive.sana.sy\/es\/index.php?rest_route=%2Fwp%2Fv2%2Fcategories&post=172015"},{"taxonomy":"post_tag","embeddable":true,"href":"https:\/\/archive.sana.sy\/es\/index.php?rest_route=%2Fwp%2Fv2%2Ftags&post=172015"}],"curies":[{"name":"wp","href":"https:\/\/api.w.org\/{rel}","templated":true}]}}