{"id":172018,"date":"2021-03-08T16:17:43","date_gmt":"2021-03-08T14:17:43","guid":{"rendered":"http:\/\/107.6.182.27\/es\/?p=172018"},"modified":"2021-03-08T16:19:23","modified_gmt":"2021-03-08T14:19:23","slug":"nuestra-poblacion-en-el-golan-resistencia-a-la-ocupacion-y-firmeza-en-nuestra-tierra","status":"publish","type":"post","link":"https:\/\/archive.sana.sy\/es\/?p=172018","title":{"rendered":"Nuestra poblaci\u00f3n en el Gol\u00e1n: resistencia a la ocupaci\u00f3n y firmeza en nuestra tierra"},"content":{"rendered":"<p style=\"text-align: justify;\"><span style=\"color: #800000;\"><strong>El Gol\u00e1n sirio ocupado, SANA<\/strong><\/span><\/p>\n<p style=\"text-align: justify;\">Nuestra poblaci\u00f3n en el Gol\u00e1n \u00e1rabe sirio ocupado reafirm\u00f3 su apego a la identidad \u00e1rabe siria y su firmeza frente a las pr\u00e1cticas agresivas de las autoridades de ocupaci\u00f3n israel\u00edes.<\/p>\n<p style=\"text-align: justify;\">En una declaraci\u00f3n por el 34\u00ba aniversario del martirio de la militante Galia Farhat, los golaneses expresaron: &#8220;conmemoramos hoy el 34\u00ba aniversario del martirio de Galia, quien defendi\u00f3 el querido suelo del Gol\u00e1n convirti\u00e9ndose en un s\u00edmbolo de defensa y resistencia a plenitud&#8221;.<\/p>\n<p style=\"text-align: justify;\">&#8220;Los golaneses desde hace m\u00e1s de medio siglo contin\u00faan enfrent\u00e1ndose a las pr\u00e1cticas de la ocupaci\u00f3n y los planes de judaizaci\u00f3n que son frustrados uno tras otro gracias a sacrificios de m\u00e1rtires y prisioneros que han pasado decenas de a\u00f1os en las mazmorras del ocupante, y Galia es una p\u00e1gina luminosa del Gol\u00e1n heroico&#8221;, agregaron.<\/p>\n<p style=\"text-align: justify;\">Nuestra poblaci\u00f3n del Gol\u00e1n reiter\u00f3 su compromiso con el suelo patrio y, su lealtad al pueblo, ej\u00e9rcito y presidente Bashar al-Assad subrayando que &#8220;la ra\u00edz que se extiende desde el monte Herm\u00f3n hasta el monte Qasi\u00fan no se deshar\u00e1 jam\u00e1s&#8221;.<\/p>\n<p style=\"text-align: justify;\"><span style=\"color: #0000ff;\"><strong>rsh\/ed<\/strong><\/span><\/p>\n","protected":false},"excerpt":{"rendered":"<p>El Gol\u00e1n sirio ocupado, SANA Nuestra poblaci\u00f3n en el Gol\u00e1n \u00e1rabe sirio ocupado reafirm\u00f3 su apego a la identidad \u00e1rabe siria y su firmeza frente a las pr\u00e1cticas agresivas de las autoridades de ocupaci\u00f3n israel\u00edes. En una declaraci\u00f3n por el 34\u00ba aniversario del martirio de la militante Galia Farhat, los golaneses expresaron: &#8220;conmemoramos hoy el &hellip;<\/p>\n","protected":false},"author":32,"featured_media":172019,"comment_status":"closed","ping_status":"closed","sticky":false,"template":"","format":"standard","meta":{"footnotes":""},"categories":[477,597,476,7541],"tags":[],"class_list":["post-172018","post","type-post","status-publish","format-standard","has-post-thumbnail","","category-noticias-edulcorantes","category-cinta-de-noticias","category-locales","category-ultimas-noticias"],"_links":{"self":[{"href":"https:\/\/archive.sana.sy\/es\/index.php?rest_route=\/wp\/v2\/posts\/172018"}],"collection":[{"href":"https:\/\/archive.sana.sy\/es\/index.php?rest_route=\/wp\/v2\/posts"}],"about":[{"href":"https:\/\/archive.sana.sy\/es\/index.php?rest_route=\/wp\/v2\/types\/post"}],"author":[{"embeddable":true,"href":"https:\/\/archive.sana.sy\/es\/index.php?rest_route=\/wp\/v2\/users\/32"}],"replies":[{"embeddable":true,"href":"https:\/\/archive.sana.sy\/es\/index.php?rest_route=%2Fwp%2Fv2%2Fcomments&post=172018"}],"version-history":[{"count":0,"href":"https:\/\/archive.sana.sy\/es\/index.php?rest_route=\/wp\/v2\/posts\/172018\/revisions"}],"wp:featuredmedia":[{"embeddable":true,"href":"https:\/\/archive.sana.sy\/es\/index.php?rest_route=\/wp\/v2\/media\/172019"}],"wp:attachment":[{"href":"https:\/\/archive.sana.sy\/es\/index.php?rest_route=%2Fwp%2Fv2%2Fmedia&parent=172018"}],"wp:term":[{"taxonomy":"category","embeddable":true,"href":"https:\/\/archive.sana.sy\/es\/index.php?rest_route=%2Fwp%2Fv2%2Fcategories&post=172018"},{"taxonomy":"post_tag","embeddable":true,"href":"https:\/\/archive.sana.sy\/es\/index.php?rest_route=%2Fwp%2Fv2%2Ftags&post=172018"}],"curies":[{"name":"wp","href":"https:\/\/api.w.org\/{rel}","templated":true}]}}