{"id":172104,"date":"2021-03-08T16:10:49","date_gmt":"2021-03-08T14:10:49","guid":{"rendered":"http:\/\/107.6.182.27\/es\/?p=172104"},"modified":"2021-03-08T22:45:46","modified_gmt":"2021-03-08T20:45:46","slug":"concluyo-campeonato-de-fuerza-fisica-en-provincia-siria-de-sweida-fotos","status":"publish","type":"post","link":"https:\/\/archive.sana.sy\/es\/?p=172104","title":{"rendered":"Concluy\u00f3 campeonato de fuerza f\u00edsica en provincia siria de Sweida (+fotos)"},"content":{"rendered":"<p><span style=\"color: #800000;\">Sweida, SANA<\/span><\/p>\n<p style=\"text-align: justify;\">Concluyeron las competencias de fuerza f\u00edsica para hombres y mujeres j\u00f3venes y universitarios en la provincia sure\u00f1a de Sweida.<\/p>\n<p style=\"text-align: justify;\">El campeonato fue organizado bajo la supervisi\u00f3n del Comit\u00e9 Ejecutivo de la Federaci\u00f3n del Deporte y con la participaci\u00f3n de 37 atletas que representaron a siete clubes deportivos.<\/p>\n<p style=\"text-align: justify;\">En una declaraci\u00f3n a SANA, el jefe del Comit\u00e9 T\u00e9cnico de Fuerza F\u00edsica en Sweida, Iyad Kanaan, dijo que el torneo se llev\u00f3 a cabo en preparaci\u00f3n para el Campeonato de la Rep\u00fablica y hubo un buen nivel t\u00e9cnico.<\/p>\n<p style=\"text-align: justify;\"><span style=\"color: #0000ff;\">fm\/rr<\/span><\/p>\n<div id='gallery-1' class='gallery galleryid-172104 gallery-columns-1 gallery-size-large'><figure class='gallery-item'>\n\t\t\t<div class='gallery-icon landscape'>\n\t\t\t\t<a href='https:\/\/archive.sana.sy\/es\/wp-content\/uploads\/2021\/03\/2-scaled.jpg'><img loading=\"lazy\" decoding=\"async\" width=\"618\" height=\"464\" src=\"https:\/\/archive.sana.sy\/es\/wp-content\/uploads\/2021\/03\/2-1024x768.jpg\" class=\"attachment-large size-large\" alt=\"\" srcset=\"https:\/\/archive.sana.sy\/es\/wp-content\/uploads\/2021\/03\/2-1024x768.jpg 1024w, https:\/\/archive.sana.sy\/es\/wp-content\/uploads\/2021\/03\/2-300x225.jpg 300w, https:\/\/archive.sana.sy\/es\/wp-content\/uploads\/2021\/03\/2-150x112.jpg 150w, https:\/\/archive.sana.sy\/es\/wp-content\/uploads\/2021\/03\/2-768x576.jpg 768w, https:\/\/archive.sana.sy\/es\/wp-content\/uploads\/2021\/03\/2-1536x1152.jpg 1536w, https:\/\/archive.sana.sy\/es\/wp-content\/uploads\/2021\/03\/2-2048x1536.jpg 2048w\" sizes=\"(max-width: 618px) 100vw, 618px\" \/><\/a>\n\t\t\t<\/div><\/figure><figure class='gallery-item'>\n\t\t\t<div class='gallery-icon landscape'>\n\t\t\t\t<a href='https:\/\/archive.sana.sy\/es\/wp-content\/uploads\/2021\/03\/6-scaled.jpg'><img loading=\"lazy\" decoding=\"async\" width=\"618\" height=\"464\" src=\"https:\/\/archive.sana.sy\/es\/wp-content\/uploads\/2021\/03\/6-1024x768.jpg\" class=\"attachment-large size-large\" alt=\"\" srcset=\"https:\/\/archive.sana.sy\/es\/wp-content\/uploads\/2021\/03\/6-1024x768.jpg 1024w, https:\/\/archive.sana.sy\/es\/wp-content\/uploads\/2021\/03\/6-300x225.jpg 300w, https:\/\/archive.sana.sy\/es\/wp-content\/uploads\/2021\/03\/6-150x112.jpg 150w, https:\/\/archive.sana.sy\/es\/wp-content\/uploads\/2021\/03\/6-768x576.jpg 768w, https:\/\/archive.sana.sy\/es\/wp-content\/uploads\/2021\/03\/6-1536x1152.jpg 1536w, https:\/\/archive.sana.sy\/es\/wp-content\/uploads\/2021\/03\/6-2048x1536.jpg 2048w\" sizes=\"(max-width: 618px) 100vw, 618px\" \/><\/a>\n\t\t\t<\/div><\/figure><figure class='gallery-item'>\n\t\t\t<div class='gallery-icon landscape'>\n\t\t\t\t<a href='https:\/\/archive.sana.sy\/es\/wp-content\/uploads\/2021\/03\/8-scaled.jpg'><img loading=\"lazy\" decoding=\"async\" width=\"618\" height=\"464\" src=\"https:\/\/archive.sana.sy\/es\/wp-content\/uploads\/2021\/03\/8-1024x768.jpg\" class=\"attachment-large size-large\" alt=\"\" srcset=\"https:\/\/archive.sana.sy\/es\/wp-content\/uploads\/2021\/03\/8-1024x768.jpg 1024w, https:\/\/archive.sana.sy\/es\/wp-content\/uploads\/2021\/03\/8-300x225.jpg 300w, https:\/\/archive.sana.sy\/es\/wp-content\/uploads\/2021\/03\/8-150x112.jpg 150w, https:\/\/archive.sana.sy\/es\/wp-content\/uploads\/2021\/03\/8-768x576.jpg 768w, https:\/\/archive.sana.sy\/es\/wp-content\/uploads\/2021\/03\/8-1536x1152.jpg 1536w, https:\/\/archive.sana.sy\/es\/wp-content\/uploads\/2021\/03\/8-2048x1536.jpg 2048w\" sizes=\"(max-width: 618px) 100vw, 618px\" \/><\/a>\n\t\t\t<\/div><\/figure>\n\t\t<\/div>\n\n","protected":false},"excerpt":{"rendered":"<p>Sweida, SANA Concluyeron las competencias de fuerza f\u00edsica para hombres y mujeres j\u00f3venes y universitarios en la provincia sure\u00f1a de Sweida. El campeonato fue organizado bajo la supervisi\u00f3n del Comit\u00e9 Ejecutivo de la Federaci\u00f3n del Deporte y con la participaci\u00f3n de 37 atletas que representaron a siete clubes deportivos. En una declaraci\u00f3n a SANA, el &hellip;<\/p>\n","protected":false},"author":31,"featured_media":172105,"comment_status":"closed","ping_status":"closed","sticky":false,"template":"","format":"standard","meta":{"footnotes":""},"categories":[597,494,7541],"tags":[],"class_list":["post-172104","post","type-post","status-publish","format-standard","has-post-thumbnail","","category-cinta-de-noticias","category-deportes","category-ultimas-noticias"],"_links":{"self":[{"href":"https:\/\/archive.sana.sy\/es\/index.php?rest_route=\/wp\/v2\/posts\/172104"}],"collection":[{"href":"https:\/\/archive.sana.sy\/es\/index.php?rest_route=\/wp\/v2\/posts"}],"about":[{"href":"https:\/\/archive.sana.sy\/es\/index.php?rest_route=\/wp\/v2\/types\/post"}],"author":[{"embeddable":true,"href":"https:\/\/archive.sana.sy\/es\/index.php?rest_route=\/wp\/v2\/users\/31"}],"replies":[{"embeddable":true,"href":"https:\/\/archive.sana.sy\/es\/index.php?rest_route=%2Fwp%2Fv2%2Fcomments&post=172104"}],"version-history":[{"count":0,"href":"https:\/\/archive.sana.sy\/es\/index.php?rest_route=\/wp\/v2\/posts\/172104\/revisions"}],"wp:featuredmedia":[{"embeddable":true,"href":"https:\/\/archive.sana.sy\/es\/index.php?rest_route=\/wp\/v2\/media\/172105"}],"wp:attachment":[{"href":"https:\/\/archive.sana.sy\/es\/index.php?rest_route=%2Fwp%2Fv2%2Fmedia&parent=172104"}],"wp:term":[{"taxonomy":"category","embeddable":true,"href":"https:\/\/archive.sana.sy\/es\/index.php?rest_route=%2Fwp%2Fv2%2Fcategories&post=172104"},{"taxonomy":"post_tag","embeddable":true,"href":"https:\/\/archive.sana.sy\/es\/index.php?rest_route=%2Fwp%2Fv2%2Ftags&post=172104"}],"curies":[{"name":"wp","href":"https:\/\/api.w.org\/{rel}","templated":true}]}}