{"id":172168,"date":"2021-03-09T18:57:41","date_gmt":"2021-03-09T16:57:41","guid":{"rendered":"http:\/\/107.6.182.27\/es\/?p=172168"},"modified":"2023-01-10T15:14:24","modified_gmt":"2023-01-10T13:14:24","slug":"el-turismo-en-siria-cae-un-80-en-2020-debido-al-covid-19","status":"publish","type":"post","link":"https:\/\/archive.sana.sy\/es\/?p=172168","title":{"rendered":"Turismo en Siria cay\u00f3 un 80% en 2020 debido al Covid-19"},"content":{"rendered":"<p style=\"text-align: justify\"><span style=\"color: #800000\">Damasco, SANA<\/span><\/p>\n<p style=\"text-align: justify\">El sector de turismo tanto en siria como en el mundo ha sido uno de los principales pilares afectados por la contingencia sanitaria, resultado de la propagaci\u00f3n del Covid-19.<\/p>\n<p><a href=\"http:\/\/107.6.182.27\/es\/wp-content\/uploads\/2021\/03\/dirctora-de-Planificacion.jpg\"><img loading=\"lazy\" decoding=\"async\" class=\"size-medium wp-image-172174 alignleft\" src=\"http:\/\/107.6.182.27\/es\/wp-content\/uploads\/2021\/03\/dirctora-de-Planificacion-300x200.jpg\" alt=\"\" width=\"300\" height=\"200\" srcset=\"https:\/\/archive.sana.sy\/es\/wp-content\/uploads\/2021\/03\/dirctora-de-Planificacion-300x200.jpg 300w, https:\/\/archive.sana.sy\/es\/wp-content\/uploads\/2021\/03\/dirctora-de-Planificacion-150x100.jpg 150w, https:\/\/archive.sana.sy\/es\/wp-content\/uploads\/2021\/03\/dirctora-de-Planificacion.jpg 660w\" sizes=\"(max-width: 300px) 100vw, 300px\" \/><\/a><\/p>\n<p style=\"text-align: justify\">Al respecto, la Directora de Planificaci\u00f3n y Cooperaci\u00f3n Internacional del Ministerio de Turismo, Ahed Al-Zaeem, explic\u00f3 que el sector tur\u00edstico en Siria se vio afectado por la pandemia, especialmente durante el per\u00edodo de confinamiento, en el cual se cerraron unas 1790 restauraci\u00f3n, 370 establecimientos de alojamiento, adem\u00e1s de las agencias de turismo y viajes y las empresas de transporte, lo que dej\u00f3 sin trabajo a cerca de 30 mil personas, entre ellos los gu\u00edas tur\u00edsticos.<\/p>\n<p style=\"text-align: justify\">Al-Zaeem se\u00f1al\u00f3 que la ocupaci\u00f3n hotelera baj\u00f3 en 2020 debido al cierre de las fronteras con los pa\u00edses vecinos y la detenci\u00f3n del turismo religioso, lo cual caus\u00f3 la ca\u00edda del n\u00famero de turistas un 80%.<\/p>\n<p style=\"text-align: justify\"><span style=\"color: #0000ff\"><em><strong>la<\/strong><\/em><\/span><\/p>\n","protected":false},"excerpt":{"rendered":"<p>Damasco, SANA El sector de turismo tanto en siria como en el mundo ha sido uno de los principales pilares afectados por la contingencia sanitaria, resultado de la propagaci\u00f3n del Covid-19. Al respecto, la Directora de Planificaci\u00f3n y Cooperaci\u00f3n Internacional del Ministerio de Turismo, Ahed Al-Zaeem, explic\u00f3 que el sector tur\u00edstico en Siria se vio &hellip;<\/p>\n","protected":false},"author":24,"featured_media":104472,"comment_status":"closed","ping_status":"closed","sticky":false,"template":"","format":"standard","meta":{"footnotes":""},"categories":[16686,485],"tags":[],"class_list":["post-172168","post","type-post","status-publish","format-standard","has-post-thumbnail","","category-economia","category-informes-negocios-y-finanzas"],"_links":{"self":[{"href":"https:\/\/archive.sana.sy\/es\/index.php?rest_route=\/wp\/v2\/posts\/172168"}],"collection":[{"href":"https:\/\/archive.sana.sy\/es\/index.php?rest_route=\/wp\/v2\/posts"}],"about":[{"href":"https:\/\/archive.sana.sy\/es\/index.php?rest_route=\/wp\/v2\/types\/post"}],"author":[{"embeddable":true,"href":"https:\/\/archive.sana.sy\/es\/index.php?rest_route=\/wp\/v2\/users\/24"}],"replies":[{"embeddable":true,"href":"https:\/\/archive.sana.sy\/es\/index.php?rest_route=%2Fwp%2Fv2%2Fcomments&post=172168"}],"version-history":[{"count":0,"href":"https:\/\/archive.sana.sy\/es\/index.php?rest_route=\/wp\/v2\/posts\/172168\/revisions"}],"wp:featuredmedia":[{"embeddable":true,"href":"https:\/\/archive.sana.sy\/es\/index.php?rest_route=\/wp\/v2\/media\/104472"}],"wp:attachment":[{"href":"https:\/\/archive.sana.sy\/es\/index.php?rest_route=%2Fwp%2Fv2%2Fmedia&parent=172168"}],"wp:term":[{"taxonomy":"category","embeddable":true,"href":"https:\/\/archive.sana.sy\/es\/index.php?rest_route=%2Fwp%2Fv2%2Fcategories&post=172168"},{"taxonomy":"post_tag","embeddable":true,"href":"https:\/\/archive.sana.sy\/es\/index.php?rest_route=%2Fwp%2Fv2%2Ftags&post=172168"}],"curies":[{"name":"wp","href":"https:\/\/api.w.org\/{rel}","templated":true}]}}