{"id":172217,"date":"2021-03-10T12:12:54","date_gmt":"2021-03-10T10:12:54","guid":{"rendered":"http:\/\/107.6.182.27\/es\/?p=172217"},"modified":"2023-01-12T14:41:51","modified_gmt":"2023-01-12T12:41:51","slug":"heridos-y-detenidos-palestinos-en-nueva-jornada-de-crimenes-israelies-en-cisjordania","status":"publish","type":"post","link":"https:\/\/archive.sana.sy\/es\/?p=172217","title":{"rendered":"Heridos y detenidos palestinos en nueva jornada de cr\u00edmenes israel\u00edes en Cisjordania"},"content":{"rendered":"<p style=\"text-align: justify;\"><span style=\"color: #800000;\"><strong>Jerusal\u00e9n ocupada, SANA<\/strong><\/span><\/p>\n<p style=\"text-align: justify;\">Varios palestinos sufrieron asfixia en las \u00faltimas horas, por las bombas de gas lacrim\u00f3geno empleado por las fuerzas de ocupaci\u00f3n israel\u00edes en la ciudad de Naplusa, en Cisjordania.<\/p>\n<p style=\"text-align: justify;\">Seg\u00fan difundieron medios palestinos, la represi\u00f3n sionista ocurri\u00f3 cuando militares israel\u00edes asaltaron una de las aldeas de la referida ciudad.<\/p>\n<p style=\"text-align: justify;\">En el mismo contexto, nueve palestinos fueron arrestados durante una semejante redada en varias localidades de Bel\u00e9n, Ramallah y Jenin.<\/p>\n<p style=\"text-align: justify;\">Mientras tanto, las excavadoras del ocupante arrasaron varias tierras palestinas en el este de la Franja de Gaza.<\/p>\n<p style=\"text-align: justify;\">Las fuerzas de ocupaci\u00f3n persisten en sus pr\u00e1cticas agresivas contra los palestinos al asaltar sus ciudades y pueblos, y lanzar campa\u00f1as diarias de arresto con el objetivo de desplazarlos y apoderarse de sus tierras para judaizarlas.<\/p>\n<p style=\"text-align: justify;\"><span style=\"color: #0000ff;\"><strong>ws\/fm<\/strong><\/span><\/p>\n","protected":false},"excerpt":{"rendered":"<p>Jerusal\u00e9n ocupada, SANA Varios palestinos sufrieron asfixia en las \u00faltimas horas, por las bombas de gas lacrim\u00f3geno empleado por las fuerzas de ocupaci\u00f3n israel\u00edes en la ciudad de Naplusa, en Cisjordania. Seg\u00fan difundieron medios palestinos, la represi\u00f3n sionista ocurri\u00f3 cuando militares israel\u00edes asaltaron una de las aldeas de la referida ciudad. En el mismo contexto, &hellip;<\/p>\n","protected":false},"author":35,"featured_media":172218,"comment_status":"closed","ping_status":"closed","sticky":false,"template":"","format":"standard","meta":{"footnotes":""},"categories":[597,456],"tags":[],"class_list":["post-172217","post","type-post","status-publish","format-standard","has-post-thumbnail","","category-cinta-de-noticias","category-arabe-internacional-politica"],"_links":{"self":[{"href":"https:\/\/archive.sana.sy\/es\/index.php?rest_route=\/wp\/v2\/posts\/172217"}],"collection":[{"href":"https:\/\/archive.sana.sy\/es\/index.php?rest_route=\/wp\/v2\/posts"}],"about":[{"href":"https:\/\/archive.sana.sy\/es\/index.php?rest_route=\/wp\/v2\/types\/post"}],"author":[{"embeddable":true,"href":"https:\/\/archive.sana.sy\/es\/index.php?rest_route=\/wp\/v2\/users\/35"}],"replies":[{"embeddable":true,"href":"https:\/\/archive.sana.sy\/es\/index.php?rest_route=%2Fwp%2Fv2%2Fcomments&post=172217"}],"version-history":[{"count":0,"href":"https:\/\/archive.sana.sy\/es\/index.php?rest_route=\/wp\/v2\/posts\/172217\/revisions"}],"wp:featuredmedia":[{"embeddable":true,"href":"https:\/\/archive.sana.sy\/es\/index.php?rest_route=\/wp\/v2\/media\/172218"}],"wp:attachment":[{"href":"https:\/\/archive.sana.sy\/es\/index.php?rest_route=%2Fwp%2Fv2%2Fmedia&parent=172217"}],"wp:term":[{"taxonomy":"category","embeddable":true,"href":"https:\/\/archive.sana.sy\/es\/index.php?rest_route=%2Fwp%2Fv2%2Fcategories&post=172217"},{"taxonomy":"post_tag","embeddable":true,"href":"https:\/\/archive.sana.sy\/es\/index.php?rest_route=%2Fwp%2Fv2%2Ftags&post=172217"}],"curies":[{"name":"wp","href":"https:\/\/api.w.org\/{rel}","templated":true}]}}