{"id":172220,"date":"2021-03-10T12:48:00","date_gmt":"2021-03-10T10:48:00","guid":{"rendered":"http:\/\/107.6.182.27\/es\/?p=172220"},"modified":"2021-03-10T12:48:00","modified_gmt":"2021-03-10T10:48:00","slug":"ataque-con-explosivo-contra-campo-de-entrenamiento-y-cuartel-de-terroristas-proturcos","status":"publish","type":"post","link":"https:\/\/archive.sana.sy\/es\/?p=172220","title":{"rendered":"Ataque con explosivo contra campo de entrenamiento y cuartel de terroristas proturcos"},"content":{"rendered":"<p style=\"text-align: justify;\"><span style=\"color: #800000;\"><strong>Alepo, SANA<\/strong><\/span><\/p>\n<p style=\"text-align: justify;\">Varios terroristas proturcos resultaron muertos o heridos por una explosi\u00f3n contra uno de sus campamentos al sur de la ciudad de Al-Bab en el nordeste de la provincia de Alepo.<\/p>\n<p style=\"text-align: justify;\">Seg\u00fan comunicaron activistas locales a SANA, \u201cuna violenta explosi\u00f3n tuvo lugar en la madrugada de este mi\u00e9rcoles cerca del muro de la empresa de cemento que fue ocupada por los terroristas de la llamada &#8220;Divisi\u00f3n Hamzat\u201d y convertida en cuartel general y campo de entrenamiento para sus terroristas&#8221;.<\/p>\n<p style=\"text-align: justify;\">Precisaron que la explosi\u00f3n se produjo al paso de un grupo de terroristas que realizaba misi\u00f3n de vigilancia y guard\u00eda.<\/p>\n<p style=\"text-align: justify;\">Seg\u00fan las fuentes, el atentado es parte de los continuos combates en curso entre los terroristas de &#8220;Divisi\u00f3n Hamzat&#8221;, por un lado, y otras organizaciones terroristas tambi\u00e9n leales a las fuerzas de ocupaci\u00f3n turcas.<\/p>\n<p style=\"text-align: justify;\"><strong><span style=\"color: #0000ff;\">fm\/ws<\/span><\/strong><\/p>\n","protected":false},"excerpt":{"rendered":"<p>Alepo, SANA Varios terroristas proturcos resultaron muertos o heridos por una explosi\u00f3n contra uno de sus campamentos al sur de la ciudad de Al-Bab en el nordeste de la provincia de Alepo. Seg\u00fan comunicaron activistas locales a SANA, \u201cuna violenta explosi\u00f3n tuvo lugar en la madrugada de este mi\u00e9rcoles cerca del muro de la empresa &hellip;<\/p>\n","protected":false},"author":35,"featured_media":172221,"comment_status":"closed","ping_status":"closed","sticky":false,"template":"","format":"standard","meta":{"footnotes":""},"categories":[477,597,573,476,7541],"tags":[],"class_list":["post-172220","post","type-post","status-publish","format-standard","has-post-thumbnail","","category-noticias-edulcorantes","category-cinta-de-noticias","category-la-realidad-de-los-acontecimientos-en-siria","category-locales","category-ultimas-noticias"],"_links":{"self":[{"href":"https:\/\/archive.sana.sy\/es\/index.php?rest_route=\/wp\/v2\/posts\/172220"}],"collection":[{"href":"https:\/\/archive.sana.sy\/es\/index.php?rest_route=\/wp\/v2\/posts"}],"about":[{"href":"https:\/\/archive.sana.sy\/es\/index.php?rest_route=\/wp\/v2\/types\/post"}],"author":[{"embeddable":true,"href":"https:\/\/archive.sana.sy\/es\/index.php?rest_route=\/wp\/v2\/users\/35"}],"replies":[{"embeddable":true,"href":"https:\/\/archive.sana.sy\/es\/index.php?rest_route=%2Fwp%2Fv2%2Fcomments&post=172220"}],"version-history":[{"count":0,"href":"https:\/\/archive.sana.sy\/es\/index.php?rest_route=\/wp\/v2\/posts\/172220\/revisions"}],"wp:featuredmedia":[{"embeddable":true,"href":"https:\/\/archive.sana.sy\/es\/index.php?rest_route=\/wp\/v2\/media\/172221"}],"wp:attachment":[{"href":"https:\/\/archive.sana.sy\/es\/index.php?rest_route=%2Fwp%2Fv2%2Fmedia&parent=172220"}],"wp:term":[{"taxonomy":"category","embeddable":true,"href":"https:\/\/archive.sana.sy\/es\/index.php?rest_route=%2Fwp%2Fv2%2Fcategories&post=172220"},{"taxonomy":"post_tag","embeddable":true,"href":"https:\/\/archive.sana.sy\/es\/index.php?rest_route=%2Fwp%2Fv2%2Ftags&post=172220"}],"curies":[{"name":"wp","href":"https:\/\/api.w.org\/{rel}","templated":true}]}}