{"id":172223,"date":"2021-03-10T13:04:43","date_gmt":"2021-03-10T11:04:43","guid":{"rendered":"http:\/\/107.6.182.27\/es\/?p=172223"},"modified":"2021-03-10T13:04:43","modified_gmt":"2021-03-10T11:04:43","slug":"medidas-coercitivas-contra-siria-no-lograran-sus-objetivos-afirma-parlamentaria-egipcia","status":"publish","type":"post","link":"https:\/\/archive.sana.sy\/es\/?p=172223","title":{"rendered":"Medidas coercitivas contra Siria no lograr\u00e1n sus objetivos, afirma parlamentaria egipcia"},"content":{"rendered":"<p style=\"text-align: justify;\"><span style=\"color: #800000;\"><strong>El Cairo, SANA<\/strong><\/span><\/p>\n<p style=\"text-align: justify;\">La diputada en el Parlamento egipcio, Nashwa al-Deeb, conden\u00f3 las medidas coercitivas unilaterales estadounidenses y europeas impuestas a Siria y destac\u00f3 que las mismas no lograr\u00e1n sus objetivos gracias a la firmeza del pueblo sirio.<\/p>\n<p style=\"text-align: justify;\">En una declaraci\u00f3n al corresponsal de SANA en El Cairo, Al-Deeb dijo que esas medidas econ\u00f3micas coercitivas fueron impuestas sin normas legales y fuera del marco de la legitimidad internacional y con fines coloniales.<\/p>\n<p style=\"text-align: justify;\">&#8220;La continuaci\u00f3n de esas medidas es rechazado por todas las fuerzas resistentes y libres en la regi\u00f3n y el mundo&#8221;, remarc\u00f3.<\/p>\n<p style=\"text-align: justify;\">La diputada inst\u00f3 a los pueblos \u00e1rabes libres y a las organizaciones humanitarias e internacionales que presionen para que se levanten estas injustas medidas coercitivas contra el inquebrantable pueblo sirio.<\/p>\n<p style=\"text-align: justify;\"><span style=\"color: #0000ff;\"><strong>fm\/ws<\/strong><\/span><\/p>\n","protected":false},"excerpt":{"rendered":"<p>El Cairo, SANA La diputada en el Parlamento egipcio, Nashwa al-Deeb, conden\u00f3 las medidas coercitivas unilaterales estadounidenses y europeas impuestas a Siria y destac\u00f3 que las mismas no lograr\u00e1n sus objetivos gracias a la firmeza del pueblo sirio. En una declaraci\u00f3n al corresponsal de SANA en El Cairo, Al-Deeb dijo que esas medidas econ\u00f3micas coercitivas &hellip;<\/p>\n","protected":false},"author":35,"featured_media":172224,"comment_status":"closed","ping_status":"closed","sticky":false,"template":"","format":"standard","meta":{"footnotes":""},"categories":[597,467,7541],"tags":[],"class_list":["post-172223","post","type-post","status-publish","format-standard","has-post-thumbnail","","category-cinta-de-noticias","category-siria-y-el-mundo","category-ultimas-noticias"],"_links":{"self":[{"href":"https:\/\/archive.sana.sy\/es\/index.php?rest_route=\/wp\/v2\/posts\/172223"}],"collection":[{"href":"https:\/\/archive.sana.sy\/es\/index.php?rest_route=\/wp\/v2\/posts"}],"about":[{"href":"https:\/\/archive.sana.sy\/es\/index.php?rest_route=\/wp\/v2\/types\/post"}],"author":[{"embeddable":true,"href":"https:\/\/archive.sana.sy\/es\/index.php?rest_route=\/wp\/v2\/users\/35"}],"replies":[{"embeddable":true,"href":"https:\/\/archive.sana.sy\/es\/index.php?rest_route=%2Fwp%2Fv2%2Fcomments&post=172223"}],"version-history":[{"count":0,"href":"https:\/\/archive.sana.sy\/es\/index.php?rest_route=\/wp\/v2\/posts\/172223\/revisions"}],"wp:featuredmedia":[{"embeddable":true,"href":"https:\/\/archive.sana.sy\/es\/index.php?rest_route=\/wp\/v2\/media\/172224"}],"wp:attachment":[{"href":"https:\/\/archive.sana.sy\/es\/index.php?rest_route=%2Fwp%2Fv2%2Fmedia&parent=172223"}],"wp:term":[{"taxonomy":"category","embeddable":true,"href":"https:\/\/archive.sana.sy\/es\/index.php?rest_route=%2Fwp%2Fv2%2Fcategories&post=172223"},{"taxonomy":"post_tag","embeddable":true,"href":"https:\/\/archive.sana.sy\/es\/index.php?rest_route=%2Fwp%2Fv2%2Ftags&post=172223"}],"curies":[{"name":"wp","href":"https:\/\/api.w.org\/{rel}","templated":true}]}}