{"id":172238,"date":"2021-03-10T18:45:02","date_gmt":"2021-03-10T16:45:02","guid":{"rendered":"http:\/\/107.6.182.27\/es\/?p=172238"},"modified":"2023-01-10T14:29:48","modified_gmt":"2023-01-10T12:29:48","slug":"damasco-la-institucion-de-la-ue-se-ha-ido-de-siria-al-igual-que-el-colonialismo","status":"publish","type":"post","link":"https:\/\/archive.sana.sy\/es\/?p=172238","title":{"rendered":"Damasco: la instituci\u00f3n de la UE se ha ido de Siria al igual que el colonialismo"},"content":{"rendered":"<p style=\"text-align: justify\"><span style=\"color: #800000\"><strong>Damasco, SANA<\/strong><\/span><\/p>\n<p style=\"text-align: justify\">El Ministerio de Exteriores y Expatriados de Siria afirm\u00f3 hoy que \u201clas pol\u00edticas implementadas por la Uni\u00f3n Europea hacen que la misma sea una continuaci\u00f3n del colonialismo en su forma moderna\u201d.<\/p>\n<p style=\"text-align: justify\">En su comentario sobre recientes declaraciones de funcionarios de la Uni\u00f3n Europea, el Ministro Asistente de Exteriores y Expatriados de Siria, Ayman Sousan, afirm\u00f3 que \u201clo que ofreci\u00f3 la Uni\u00f3n Europea a Siria nunca fueron subvenciones ni donaciones sino pr\u00e9stamos que se pagaban peri\u00f3dicamente con el dinero del pueblo sirio\u201d.<\/p>\n<p style=\"text-align: justify\">\u201cTodas las instalaciones que Siria contrat\u00f3 con la Uni\u00f3n Europea antes de la guerra en el campo de la electricidad y la salud se han detenido debido al bloqueo de la UE y sus sanciones a Siria, que afectaron negativamente el ciudadano sirio y provocaron ascenso en la tasa de mortalidad\u201d, aclar\u00f3 Sousan.<\/p>\n<p style=\"text-align: justify\">Reafirm\u00f3 que la instituci\u00f3n de la Uni\u00f3n Europea se ha ido de Siria al igual que el colonialismo y no volver\u00e1 bajo ning\u00fan nombre, ni mediante un proceso pol\u00edtico que la satisfaga ni elecciones que logren sus sue\u00f1os.<\/p>\n<p style=\"text-align: justify\">\u201cEn caso de haber condiciones, Siria es quien las establece, y hay \u00fanica condici\u00f3n vinculante para cualquier parte, y es volver a Siria exclusivamente a trav\u00e9s de las puertas de la soberan\u00eda y los intereses sirios\u201d, destac\u00f3 el funcionario.<\/p>\n<p style=\"text-align: justify\">\u201cPara Siria, la pol\u00edtica de la Uni\u00f3n Europea y la pol\u00edtica de Daesh son dos caras de la misma moneda, que es el d\u00f3lar estadounidense\u201d, denunci\u00f3.<\/p>\n<p style=\"text-align: justify\">Explic\u00f3 que \u201clo que est\u00e1 haciendo la instituci\u00f3n de la Uni\u00f3n Europea es muy peligroso, sin embargo, Siria distingue entre lo que esa instituci\u00f3n hace y algunos de los pa\u00edses que la integran, pues hay varios pa\u00edses europeos que han tomado posiciones objetivas sobre lo que est\u00e1 sucediendo Siria\u201d.<\/p>\n<p style=\"text-align: justify\"><span style=\"color: #0000ff\"><strong>fm<\/strong><\/span><\/p>\n<p style=\"text-align: justify\">\n","protected":false},"excerpt":{"rendered":"<p>Damasco, SANA El Ministerio de Exteriores y Expatriados de Siria afirm\u00f3 hoy que \u201clas pol\u00edticas implementadas por la Uni\u00f3n Europea hacen que la misma sea una continuaci\u00f3n del colonialismo en su forma moderna\u201d. En su comentario sobre recientes declaraciones de funcionarios de la Uni\u00f3n Europea, el Ministro Asistente de Exteriores y Expatriados de Siria, Ayman &hellip;<\/p>\n","protected":false},"author":34,"featured_media":172239,"comment_status":"closed","ping_status":"closed","sticky":false,"template":"","format":"standard","meta":{"footnotes":""},"categories":[447,477,597,476,457,7541],"tags":[],"class_list":["post-172238","post","type-post","status-publish","format-standard","has-post-thumbnail","","category-local-politica","category-noticias-edulcorantes","category-cinta-de-noticias","category-locales","category-noticias-arabe-internacional-politica","category-ultimas-noticias"],"_links":{"self":[{"href":"https:\/\/archive.sana.sy\/es\/index.php?rest_route=\/wp\/v2\/posts\/172238"}],"collection":[{"href":"https:\/\/archive.sana.sy\/es\/index.php?rest_route=\/wp\/v2\/posts"}],"about":[{"href":"https:\/\/archive.sana.sy\/es\/index.php?rest_route=\/wp\/v2\/types\/post"}],"author":[{"embeddable":true,"href":"https:\/\/archive.sana.sy\/es\/index.php?rest_route=\/wp\/v2\/users\/34"}],"replies":[{"embeddable":true,"href":"https:\/\/archive.sana.sy\/es\/index.php?rest_route=%2Fwp%2Fv2%2Fcomments&post=172238"}],"version-history":[{"count":0,"href":"https:\/\/archive.sana.sy\/es\/index.php?rest_route=\/wp\/v2\/posts\/172238\/revisions"}],"wp:featuredmedia":[{"embeddable":true,"href":"https:\/\/archive.sana.sy\/es\/index.php?rest_route=\/wp\/v2\/media\/172239"}],"wp:attachment":[{"href":"https:\/\/archive.sana.sy\/es\/index.php?rest_route=%2Fwp%2Fv2%2Fmedia&parent=172238"}],"wp:term":[{"taxonomy":"category","embeddable":true,"href":"https:\/\/archive.sana.sy\/es\/index.php?rest_route=%2Fwp%2Fv2%2Fcategories&post=172238"},{"taxonomy":"post_tag","embeddable":true,"href":"https:\/\/archive.sana.sy\/es\/index.php?rest_route=%2Fwp%2Fv2%2Ftags&post=172238"}],"curies":[{"name":"wp","href":"https:\/\/api.w.org\/{rel}","templated":true}]}}