{"id":172271,"date":"2021-03-10T18:01:12","date_gmt":"2021-03-10T16:01:12","guid":{"rendered":"http:\/\/107.6.182.27\/es\/?p=172271"},"modified":"2021-03-10T18:01:12","modified_gmt":"2021-03-10T16:01:12","slug":"terroristas-en-zona-de-distension-en-idleb-lanzaron-45-nuevos-ataques-contra-areas-vecinas-revela-moscu","status":"publish","type":"post","link":"https:\/\/archive.sana.sy\/es\/?p=172271","title":{"rendered":"Terroristas en zona de distensi\u00f3n en Idleb lanzaron 45 nuevos ataques contra \u00e1reas vecinas, revela Mosc\u00fa"},"content":{"rendered":"<p style=\"text-align: justify\"><span style=\"color: #800000\">Mosc\u00fa, SANA<\/span><\/p>\n<p style=\"text-align: justify\">El Ministerio de Defensa ruso anunci\u00f3 que las organizaciones terroristas desplegadas en la zona de distenci\u00f3n en Idleb lanzaron 45 ataques durante las \u00faltimas horas contra \u00e1reas y aldeas seguras en las provincias de Hama, Alepo, Latakia y la parte liberada de Idleb.<\/p>\n<p style=\"text-align: justify\">En un comunicado emitido este mi\u00e9rcoles en su p\u00e1gina web, el Ministerio precis\u00f3 que los ataques terroristas se distribuyeron: 23 ataques en la provincia de Idleb, 15 en Latakia, 5 en Hama y dos en Alepo.<\/p>\n<p style=\"text-align: justify\">El viernes pasado, el Ministerio de Defensa ruso registr\u00f3 26 violaciones cometidas en zonas bajo el control de los terroristas del &#8220;Frente de al-Nusra&#8221;.<\/p>\n<p style=\"text-align: justify\">\n<em><span style=\"color: #0000ff\"><strong>la<\/strong><\/span><\/em><\/p>\n","protected":false},"excerpt":{"rendered":"<p>Mosc\u00fa, SANA El Ministerio de Defensa ruso anunci\u00f3 que las organizaciones terroristas desplegadas en la zona de distenci\u00f3n en Idleb lanzaron 45 ataques durante las \u00faltimas horas contra \u00e1reas y aldeas seguras en las provincias de Hama, Alepo, Latakia y la parte liberada de Idleb. En un comunicado emitido este mi\u00e9rcoles en su p\u00e1gina web, &hellip;<\/p>\n","protected":false},"author":24,"featured_media":89341,"comment_status":"closed","ping_status":"closed","sticky":false,"template":"","format":"standard","meta":{"footnotes":""},"categories":[597,573,467,7541],"tags":[],"class_list":["post-172271","post","type-post","status-publish","format-standard","has-post-thumbnail","","category-cinta-de-noticias","category-la-realidad-de-los-acontecimientos-en-siria","category-siria-y-el-mundo","category-ultimas-noticias"],"_links":{"self":[{"href":"https:\/\/archive.sana.sy\/es\/index.php?rest_route=\/wp\/v2\/posts\/172271"}],"collection":[{"href":"https:\/\/archive.sana.sy\/es\/index.php?rest_route=\/wp\/v2\/posts"}],"about":[{"href":"https:\/\/archive.sana.sy\/es\/index.php?rest_route=\/wp\/v2\/types\/post"}],"author":[{"embeddable":true,"href":"https:\/\/archive.sana.sy\/es\/index.php?rest_route=\/wp\/v2\/users\/24"}],"replies":[{"embeddable":true,"href":"https:\/\/archive.sana.sy\/es\/index.php?rest_route=%2Fwp%2Fv2%2Fcomments&post=172271"}],"version-history":[{"count":0,"href":"https:\/\/archive.sana.sy\/es\/index.php?rest_route=\/wp\/v2\/posts\/172271\/revisions"}],"wp:featuredmedia":[{"embeddable":true,"href":"https:\/\/archive.sana.sy\/es\/index.php?rest_route=\/wp\/v2\/media\/89341"}],"wp:attachment":[{"href":"https:\/\/archive.sana.sy\/es\/index.php?rest_route=%2Fwp%2Fv2%2Fmedia&parent=172271"}],"wp:term":[{"taxonomy":"category","embeddable":true,"href":"https:\/\/archive.sana.sy\/es\/index.php?rest_route=%2Fwp%2Fv2%2Fcategories&post=172271"},{"taxonomy":"post_tag","embeddable":true,"href":"https:\/\/archive.sana.sy\/es\/index.php?rest_route=%2Fwp%2Fv2%2Ftags&post=172271"}],"curies":[{"name":"wp","href":"https:\/\/api.w.org\/{rel}","templated":true}]}}