{"id":172300,"date":"2021-03-10T18:44:17","date_gmt":"2021-03-10T16:44:17","guid":{"rendered":"http:\/\/107.6.182.27\/es\/?p=172300"},"modified":"2021-03-10T21:56:00","modified_gmt":"2021-03-10T19:56:00","slug":"eurodiputado-pide-levantar-medidas-economicas-coercitivas-impuestas-al-pueblo-sirio","status":"publish","type":"post","link":"https:\/\/archive.sana.sy\/es\/?p=172300","title":{"rendered":"Eurodiputado pide levantar medidas econ\u00f3micas coercitivas impuestas al pueblo sirio"},"content":{"rendered":"<p style=\"text-align: justify;\"><strong><span style=\"color: #800000;\">Madrid, SANA<\/span><\/strong><\/p>\n<p style=\"text-align: justify;\">El miembro en el Parlamento Europeo por Izquierda Unida y diputado en el Grupo de Izquierda en el Parlamento, Manu Pineda, pidi\u00f3 a la Uni\u00f3n Europea que levante las medidas econ\u00f3micas coercitivas impuestas al pueblo sirio y reanudar las relaciones diplom\u00e1ticas con Siria.<\/p>\n<p style=\"text-align: justify;\">En su intervenci\u00f3n ante el Parlamento Europeo, Pineda indic\u00f3 que \u201cdespu\u00e9s de 10 a\u00f1os de guerra en Siria ya son obvios los objetivos y prop\u00f3sitos de quienes apoyaron esta guerra y que consistieron en apoderarse de las riquezas del pueblo sirio, fortalecer la hegemon\u00eda en la regi\u00f3n y tratar de dividir el pa\u00eds en entidades para debilitarlo.<\/p>\n<p style=\"text-align: justify;\">El eurodiputado hizo referencia al fracaso de los reg\u00edmenes de Arabia Saudita, Qatar, Turqu\u00eda y la entidad israel\u00ed, entre otros pa\u00edses apoyados por\u00a0 EE.UU, para lograr sus metas, por lo cual esos reg\u00edmenes intentan asfixiar a Siria con medios econ\u00f3micos y diplom\u00e1ticos, y obstaculizan una soluci\u00f3n pol\u00edtica.<\/p>\n<p style=\"text-align: justify;\">Asimismo, Pineda pidi\u00f3 al Alto Representante para Asuntos Exteriores y Pol\u00edtica de Seguridad en la Uni\u00f3n Europea, Josep Borrell, que levante las medidas econ\u00f3micas coercitivas impuestas al pueblo sirio, especialmente en el per\u00edodo de la pandemia del nuevo\u00a0 Coronavirus, y se\u00f1al\u00f3 que esas medidas impiden que Siria obtenga medicamentos en el mercado internacional.<\/p>\n<p style=\"text-align: justify;\"><strong><span style=\"color: #0000ff;\">sm\/fm<\/span><\/strong><\/p>\n","protected":false},"excerpt":{"rendered":"<p>Madrid, SANA El miembro en el Parlamento Europeo por Izquierda Unida y diputado en el Grupo de Izquierda en el Parlamento, Manu Pineda, pidi\u00f3 a la Uni\u00f3n Europea que levante las medidas econ\u00f3micas coercitivas impuestas al pueblo sirio y reanudar las relaciones diplom\u00e1ticas con Siria. En su intervenci\u00f3n ante el Parlamento Europeo, Pineda indic\u00f3 que &hellip;<\/p>\n","protected":false},"author":39,"featured_media":172301,"comment_status":"closed","ping_status":"closed","sticky":false,"template":"","format":"standard","meta":{"footnotes":""},"categories":[597,456,467,7541],"tags":[],"class_list":["post-172300","post","type-post","status-publish","format-standard","has-post-thumbnail","","category-cinta-de-noticias","category-arabe-internacional-politica","category-siria-y-el-mundo","category-ultimas-noticias"],"_links":{"self":[{"href":"https:\/\/archive.sana.sy\/es\/index.php?rest_route=\/wp\/v2\/posts\/172300"}],"collection":[{"href":"https:\/\/archive.sana.sy\/es\/index.php?rest_route=\/wp\/v2\/posts"}],"about":[{"href":"https:\/\/archive.sana.sy\/es\/index.php?rest_route=\/wp\/v2\/types\/post"}],"author":[{"embeddable":true,"href":"https:\/\/archive.sana.sy\/es\/index.php?rest_route=\/wp\/v2\/users\/39"}],"replies":[{"embeddable":true,"href":"https:\/\/archive.sana.sy\/es\/index.php?rest_route=%2Fwp%2Fv2%2Fcomments&post=172300"}],"version-history":[{"count":0,"href":"https:\/\/archive.sana.sy\/es\/index.php?rest_route=\/wp\/v2\/posts\/172300\/revisions"}],"wp:featuredmedia":[{"embeddable":true,"href":"https:\/\/archive.sana.sy\/es\/index.php?rest_route=\/wp\/v2\/media\/172301"}],"wp:attachment":[{"href":"https:\/\/archive.sana.sy\/es\/index.php?rest_route=%2Fwp%2Fv2%2Fmedia&parent=172300"}],"wp:term":[{"taxonomy":"category","embeddable":true,"href":"https:\/\/archive.sana.sy\/es\/index.php?rest_route=%2Fwp%2Fv2%2Fcategories&post=172300"},{"taxonomy":"post_tag","embeddable":true,"href":"https:\/\/archive.sana.sy\/es\/index.php?rest_route=%2Fwp%2Fv2%2Ftags&post=172300"}],"curies":[{"name":"wp","href":"https:\/\/api.w.org\/{rel}","templated":true}]}}