{"id":172307,"date":"2021-03-11T08:58:31","date_gmt":"2021-03-11T06:58:31","guid":{"rendered":"http:\/\/107.6.182.27\/es\/?p=172307"},"modified":"2021-03-11T08:58:31","modified_gmt":"2021-03-11T06:58:31","slug":"titulares-de-la-agencia-sana-para-este-11-de-marzo-del-2021","status":"publish","type":"post","link":"https:\/\/archive.sana.sy\/es\/?p=172307","title":{"rendered":"Titulares de la agencia SANA para este 11 de marzo del 2021"},"content":{"rendered":"<p><span style=\"color: #800000;\"><strong>Damasco , SANA<\/strong><\/span><\/p>\n<p>???? Presidente de China y su esposa desean pronta recuperaci\u00f3n al presidente al-Assad y la Sra. Asma.<\/p>\n<p>???? Estados Unidos refuerza su base ilegal en Shaddadi con lanzamisiles y material b\u00e9lico.<\/p>\n<p>????Rusia reitera llamados a respetar soberan\u00eda de Siria y el derecho a la autodeterminaci\u00f3n de su pueblo.<\/p>\n<p>???? Milicia FDS asalta un barrio en ciudad de Hasakeh y secuestra a decenas de j\u00f3venes.<\/p>\n<p>???? Heridos y detenidos palestinos en nueva jornada de cr\u00edmenes israel\u00edes en Cisjordania.<\/p>\n<p>???? Ataque con explosivo contra campo de entrenamiento y cuartel de terroristas proturcos.<\/p>\n<p>???? Medidas coercitivas contra Siria no lograr\u00e1n sus objetivos, afirma parlamentaria egipcia.<\/p>\n<p>???? Damasco: \u201cPara Siria, la pol\u00edtica de la Uni\u00f3n Europea y la pol\u00edtica de Daesh son dos caras de la misma moneda, que es el d\u00f3lar estadounidense\u201d.<\/p>\n<p>???? Con capital de 350 millones de USD, nueva planta de refinamiento de az\u00facar entra en fase de producci\u00f3n en Siria.<\/p>\n<p>???? Egresado nuevo grupo de vecinos de Hasakeh que se sumaron a las Fuerzas de Seguridad Interna.<\/p>\n<p>???? Compa\u00f1\u00eda sirio-iran\u00ed pondr\u00e1 en el mercado sirio un nuevo veh\u00edculo a precio de costo.<\/p>\n<p>???? Terroristas en zona de distensi\u00f3n en Idleb lanzaron 45 nuevos ataques contra \u00e1reas vecinas, revela Mosc\u00fa.<\/p>\n<p>???? Siria dispone de 30 instalaciones de elaboraci\u00f3n de manzana y la mayor\u00eda se encuentra en Sweida.<\/p>\n<p>???? Eurodiputado pide levantar medidas econ\u00f3micas coercitivas impuestas al pueblo sirio.<\/p>\n","protected":false},"excerpt":{"rendered":"<p>Damasco , SANA ???? Presidente de China y su esposa desean pronta recuperaci\u00f3n al presidente al-Assad y la Sra. Asma. ???? Estados Unidos refuerza su base ilegal en Shaddadi con lanzamisiles y material b\u00e9lico. ????Rusia reitera llamados a respetar soberan\u00eda de Siria y el derecho a la autodeterminaci\u00f3n de su pueblo. ???? Milicia FDS asalta &hellip;<\/p>\n","protected":false},"author":32,"featured_media":172200,"comment_status":"closed","ping_status":"closed","sticky":false,"template":"","format":"standard","meta":{"footnotes":""},"categories":[555,597,7541],"tags":[],"class_list":["post-172307","post","type-post","status-publish","format-standard","has-post-thumbnail","","category-prensa","category-cinta-de-noticias","category-ultimas-noticias"],"_links":{"self":[{"href":"https:\/\/archive.sana.sy\/es\/index.php?rest_route=\/wp\/v2\/posts\/172307"}],"collection":[{"href":"https:\/\/archive.sana.sy\/es\/index.php?rest_route=\/wp\/v2\/posts"}],"about":[{"href":"https:\/\/archive.sana.sy\/es\/index.php?rest_route=\/wp\/v2\/types\/post"}],"author":[{"embeddable":true,"href":"https:\/\/archive.sana.sy\/es\/index.php?rest_route=\/wp\/v2\/users\/32"}],"replies":[{"embeddable":true,"href":"https:\/\/archive.sana.sy\/es\/index.php?rest_route=%2Fwp%2Fv2%2Fcomments&post=172307"}],"version-history":[{"count":0,"href":"https:\/\/archive.sana.sy\/es\/index.php?rest_route=\/wp\/v2\/posts\/172307\/revisions"}],"wp:featuredmedia":[{"embeddable":true,"href":"https:\/\/archive.sana.sy\/es\/index.php?rest_route=\/wp\/v2\/media\/172200"}],"wp:attachment":[{"href":"https:\/\/archive.sana.sy\/es\/index.php?rest_route=%2Fwp%2Fv2%2Fmedia&parent=172307"}],"wp:term":[{"taxonomy":"category","embeddable":true,"href":"https:\/\/archive.sana.sy\/es\/index.php?rest_route=%2Fwp%2Fv2%2Fcategories&post=172307"},{"taxonomy":"post_tag","embeddable":true,"href":"https:\/\/archive.sana.sy\/es\/index.php?rest_route=%2Fwp%2Fv2%2Ftags&post=172307"}],"curies":[{"name":"wp","href":"https:\/\/api.w.org\/{rel}","templated":true}]}}