{"id":172314,"date":"2021-03-11T11:54:24","date_gmt":"2021-03-11T09:54:24","guid":{"rendered":"http:\/\/107.6.182.27\/es\/?p=172314"},"modified":"2021-03-11T14:42:58","modified_gmt":"2021-03-11T12:42:58","slug":"la-verdadera-primavera-en-las-escuelas-de-ghouta-oriental-fotos","status":"publish","type":"post","link":"https:\/\/archive.sana.sy\/es\/?p=172314","title":{"rendered":"Ni\u00f1os sirios vuelven a las escuelas en Ghouta Oriental (+ fotos)"},"content":{"rendered":"<p style=\"text-align: justify;\"><span style=\"color: #800000;\"><strong>Damasco, SANA<\/strong><\/span><\/p>\n<p style=\"text-align: justify;\">Unas 77 escuelas reabrieron sus puertas en la regi\u00f3n de Ghouta Oriental al este de la capital Damasco, que fue liberada por el Ej\u00e9rcito \u00c1rabe Sirio de las agrupaciones terroristas en 2018.<\/p>\n<p style=\"text-align: justify;\">La alegr\u00eda ha vuelto a los rostros de los ni\u00f1os que estuvieron casi cuatro a\u00f1os sin escuelas debido a la ocupaci\u00f3n de sus localidades por los terroristas.<\/p>\n<p style=\"text-align: justify;\">Seg\u00fan declara a SANA el supervisor del Complejo Educativo de Ghouta Oriental, Khaled Al-Souda, el Ministerio de Educaci\u00f3n comenz\u00f3 desde el primer d\u00eda de la liberaci\u00f3n a reparar las escuelas para proporcionar un entorno educativo apropiado para los estudiantes.<\/p>\n<p style=\"text-align: justify;\">Indic\u00f3 que, en cooperaci\u00f3n con la comunidad local y las organizaciones internacionales, el Ministerio concluy\u00f3 la reconstrucci\u00f3n de 77 escuelas de las 130 en Ghouta.<\/p>\n<p style=\"text-align: justify;\"><strong><span style=\"color: #0000ff;\">fm\/ed<\/span><\/strong><\/p>\n<div id='gallery-1' class='gallery galleryid-172314 gallery-columns-1 gallery-size-full'><figure class='gallery-item'>\n\t\t\t<div class='gallery-icon landscape'>\n\t\t\t\t<a href='https:\/\/archive.sana.sy\/es\/wp-content\/uploads\/2021\/03\/13-48.jpg'><img loading=\"lazy\" decoding=\"async\" width=\"660\" height=\"414\" src=\"https:\/\/archive.sana.sy\/es\/wp-content\/uploads\/2021\/03\/13-48.jpg\" class=\"attachment-full size-full\" alt=\"\" srcset=\"https:\/\/archive.sana.sy\/es\/wp-content\/uploads\/2021\/03\/13-48.jpg 660w, https:\/\/archive.sana.sy\/es\/wp-content\/uploads\/2021\/03\/13-48-300x188.jpg 300w, https:\/\/archive.sana.sy\/es\/wp-content\/uploads\/2021\/03\/13-48-150x94.jpg 150w\" sizes=\"(max-width: 660px) 100vw, 660px\" \/><\/a>\n\t\t\t<\/div><\/figure><figure class='gallery-item'>\n\t\t\t<div class='gallery-icon landscape'>\n\t\t\t\t<a href='https:\/\/archive.sana.sy\/es\/wp-content\/uploads\/2021\/03\/16-32.jpg'><img loading=\"lazy\" decoding=\"async\" width=\"660\" height=\"404\" src=\"https:\/\/archive.sana.sy\/es\/wp-content\/uploads\/2021\/03\/16-32.jpg\" class=\"attachment-full size-full\" alt=\"\" srcset=\"https:\/\/archive.sana.sy\/es\/wp-content\/uploads\/2021\/03\/16-32.jpg 660w, https:\/\/archive.sana.sy\/es\/wp-content\/uploads\/2021\/03\/16-32-300x184.jpg 300w, https:\/\/archive.sana.sy\/es\/wp-content\/uploads\/2021\/03\/16-32-150x92.jpg 150w\" sizes=\"(max-width: 660px) 100vw, 660px\" \/><\/a>\n\t\t\t<\/div><\/figure><figure class='gallery-item'>\n\t\t\t<div class='gallery-icon landscape'>\n\t\t\t\t<a href='https:\/\/archive.sana.sy\/es\/wp-content\/uploads\/2021\/03\/photo_2021-03-11_11-52-38-1.jpg'><img loading=\"lazy\" decoding=\"async\" width=\"1280\" height=\"830\" src=\"https:\/\/archive.sana.sy\/es\/wp-content\/uploads\/2021\/03\/photo_2021-03-11_11-52-38-1.jpg\" class=\"attachment-full size-full\" alt=\"\" srcset=\"https:\/\/archive.sana.sy\/es\/wp-content\/uploads\/2021\/03\/photo_2021-03-11_11-52-38-1.jpg 1280w, https:\/\/archive.sana.sy\/es\/wp-content\/uploads\/2021\/03\/photo_2021-03-11_11-52-38-1-300x195.jpg 300w, https:\/\/archive.sana.sy\/es\/wp-content\/uploads\/2021\/03\/photo_2021-03-11_11-52-38-1-1024x664.jpg 1024w, https:\/\/archive.sana.sy\/es\/wp-content\/uploads\/2021\/03\/photo_2021-03-11_11-52-38-1-150x97.jpg 150w, https:\/\/archive.sana.sy\/es\/wp-content\/uploads\/2021\/03\/photo_2021-03-11_11-52-38-1-768x498.jpg 768w\" sizes=\"(max-width: 1280px) 100vw, 1280px\" \/><\/a>\n\t\t\t<\/div><\/figure><figure class='gallery-item'>\n\t\t\t<div class='gallery-icon landscape'>\n\t\t\t\t<a href='https:\/\/archive.sana.sy\/es\/wp-content\/uploads\/2021\/03\/10-71.jpg'><img loading=\"lazy\" decoding=\"async\" width=\"660\" height=\"439\" src=\"https:\/\/archive.sana.sy\/es\/wp-content\/uploads\/2021\/03\/10-71.jpg\" class=\"attachment-full size-full\" alt=\"\" srcset=\"https:\/\/archive.sana.sy\/es\/wp-content\/uploads\/2021\/03\/10-71.jpg 660w, https:\/\/archive.sana.sy\/es\/wp-content\/uploads\/2021\/03\/10-71-300x200.jpg 300w, https:\/\/archive.sana.sy\/es\/wp-content\/uploads\/2021\/03\/10-71-150x100.jpg 150w, https:\/\/archive.sana.sy\/es\/wp-content\/uploads\/2021\/03\/10-71-310x205.jpg 310w\" sizes=\"(max-width: 660px) 100vw, 660px\" \/><\/a>\n\t\t\t<\/div><\/figure><figure class='gallery-item'>\n\t\t\t<div class='gallery-icon landscape'>\n\t\t\t\t<a href='https:\/\/archive.sana.sy\/es\/wp-content\/uploads\/2021\/03\/12-60.jpg'><img loading=\"lazy\" decoding=\"async\" width=\"660\" height=\"423\" src=\"https:\/\/archive.sana.sy\/es\/wp-content\/uploads\/2021\/03\/12-60.jpg\" class=\"attachment-full size-full\" alt=\"\" srcset=\"https:\/\/archive.sana.sy\/es\/wp-content\/uploads\/2021\/03\/12-60.jpg 660w, https:\/\/archive.sana.sy\/es\/wp-content\/uploads\/2021\/03\/12-60-300x192.jpg 300w, https:\/\/archive.sana.sy\/es\/wp-content\/uploads\/2021\/03\/12-60-150x96.jpg 150w\" sizes=\"(max-width: 660px) 100vw, 660px\" \/><\/a>\n\t\t\t<\/div><\/figure>\n\t\t<\/div>\n\n","protected":false},"excerpt":{"rendered":"<p>Damasco, SANA Unas 77 escuelas reabrieron sus puertas en la regi\u00f3n de Ghouta Oriental al este de la capital Damasco, que fue liberada por el Ej\u00e9rcito \u00c1rabe Sirio de las agrupaciones terroristas en 2018. La alegr\u00eda ha vuelto a los rostros de los ni\u00f1os que estuvieron casi cuatro a\u00f1os sin escuelas debido a la ocupaci\u00f3n &hellip;<\/p>\n","protected":false},"author":32,"featured_media":172338,"comment_status":"closed","ping_status":"closed","sticky":false,"template":"","format":"standard","meta":{"footnotes":""},"categories":[597,571,583],"tags":[],"class_list":["post-172314","post","type-post","status-publish","format-standard","has-post-thumbnail","","category-cinta-de-noticias","category-siria-en-fotos","category-slide"],"_links":{"self":[{"href":"https:\/\/archive.sana.sy\/es\/index.php?rest_route=\/wp\/v2\/posts\/172314"}],"collection":[{"href":"https:\/\/archive.sana.sy\/es\/index.php?rest_route=\/wp\/v2\/posts"}],"about":[{"href":"https:\/\/archive.sana.sy\/es\/index.php?rest_route=\/wp\/v2\/types\/post"}],"author":[{"embeddable":true,"href":"https:\/\/archive.sana.sy\/es\/index.php?rest_route=\/wp\/v2\/users\/32"}],"replies":[{"embeddable":true,"href":"https:\/\/archive.sana.sy\/es\/index.php?rest_route=%2Fwp%2Fv2%2Fcomments&post=172314"}],"version-history":[{"count":0,"href":"https:\/\/archive.sana.sy\/es\/index.php?rest_route=\/wp\/v2\/posts\/172314\/revisions"}],"wp:featuredmedia":[{"embeddable":true,"href":"https:\/\/archive.sana.sy\/es\/index.php?rest_route=\/wp\/v2\/media\/172338"}],"wp:attachment":[{"href":"https:\/\/archive.sana.sy\/es\/index.php?rest_route=%2Fwp%2Fv2%2Fmedia&parent=172314"}],"wp:term":[{"taxonomy":"category","embeddable":true,"href":"https:\/\/archive.sana.sy\/es\/index.php?rest_route=%2Fwp%2Fv2%2Fcategories&post=172314"},{"taxonomy":"post_tag","embeddable":true,"href":"https:\/\/archive.sana.sy\/es\/index.php?rest_route=%2Fwp%2Fv2%2Ftags&post=172314"}],"curies":[{"name":"wp","href":"https:\/\/api.w.org\/{rel}","templated":true}]}}