{"id":172322,"date":"2021-03-11T12:00:31","date_gmt":"2021-03-11T10:00:31","guid":{"rendered":"http:\/\/107.6.182.27\/es\/?p=172322"},"modified":"2021-03-11T12:00:31","modified_gmt":"2021-03-11T10:00:31","slug":"jamenei-exige-salida-de-fuerzas-de-ocupacion-estadounidenses-de-siria-e-iraq","status":"publish","type":"post","link":"https:\/\/archive.sana.sy\/es\/?p=172322","title":{"rendered":"Jamenei exige salida de fuerzas de ocupaci\u00f3n estadounidenses de Siria e Iraq"},"content":{"rendered":"<p style=\"text-align: justify;\"><span style=\"color: #800000;\"><strong>Teher\u00e1n, SANA<\/strong><\/span><\/p>\n<p style=\"text-align: justify;\">El l\u00edder de la Revoluci\u00f3n Isl\u00e1mica en Ir\u00e1n, Imam Ali Khamenei, pidi\u00f3 la salida de las fuerzas de ocupaci\u00f3n estadounidenses de Siria e Irak, y afirm\u00f3 al mismo tiempo que la presencia iran\u00ed en esos dos pa\u00edses tiene car\u00e1cter consultivo y fue a petici\u00f3n de sus respectivos gobiernos.<\/p>\n<p style=\"text-align: justify;\">En un discurso, Jamenei dijo que &#8220;la presencia de Ir\u00e1n en Siria e Irak es de asesoramiento, y no es militar, y se produjo a pedido de los dos estados&#8221;.<\/p>\n<p style=\"text-align: justify;\">Enfatiz\u00f3 que los estadounidenses deber\u00edan &#8220;abandonar Siria e Iraq r\u00e1pidamente&#8221;.<\/p>\n<p style=\"text-align: justify;\">El l\u00edder precis\u00f3 que Estados Unidos fue quien cre\u00f3 la organizaci\u00f3n terrorista de Daesh y tambi\u00e9n se opone a la posesi\u00f3n de programas nucleares por parte de otros pa\u00edses al mismo tiempo en que posee el mayor arsenal de armas nucleares del mundo y anteriormente lo utiliz\u00f3.<\/p>\n<p style=\"text-align: justify;\"><strong><span style=\"color: #0000ff;\">fm\/ed<\/span><\/strong><\/p>\n","protected":false},"excerpt":{"rendered":"<p>Teher\u00e1n, SANA El l\u00edder de la Revoluci\u00f3n Isl\u00e1mica en Ir\u00e1n, Imam Ali Khamenei, pidi\u00f3 la salida de las fuerzas de ocupaci\u00f3n estadounidenses de Siria e Irak, y afirm\u00f3 al mismo tiempo que la presencia iran\u00ed en esos dos pa\u00edses tiene car\u00e1cter consultivo y fue a petici\u00f3n de sus respectivos gobiernos. En un discurso, Jamenei dijo &hellip;<\/p>\n","protected":false},"author":32,"featured_media":172323,"comment_status":"closed","ping_status":"closed","sticky":false,"template":"","format":"standard","meta":{"footnotes":""},"categories":[597,467,7541],"tags":[],"class_list":["post-172322","post","type-post","status-publish","format-standard","has-post-thumbnail","","category-cinta-de-noticias","category-siria-y-el-mundo","category-ultimas-noticias"],"_links":{"self":[{"href":"https:\/\/archive.sana.sy\/es\/index.php?rest_route=\/wp\/v2\/posts\/172322"}],"collection":[{"href":"https:\/\/archive.sana.sy\/es\/index.php?rest_route=\/wp\/v2\/posts"}],"about":[{"href":"https:\/\/archive.sana.sy\/es\/index.php?rest_route=\/wp\/v2\/types\/post"}],"author":[{"embeddable":true,"href":"https:\/\/archive.sana.sy\/es\/index.php?rest_route=\/wp\/v2\/users\/32"}],"replies":[{"embeddable":true,"href":"https:\/\/archive.sana.sy\/es\/index.php?rest_route=%2Fwp%2Fv2%2Fcomments&post=172322"}],"version-history":[{"count":0,"href":"https:\/\/archive.sana.sy\/es\/index.php?rest_route=\/wp\/v2\/posts\/172322\/revisions"}],"wp:featuredmedia":[{"embeddable":true,"href":"https:\/\/archive.sana.sy\/es\/index.php?rest_route=\/wp\/v2\/media\/172323"}],"wp:attachment":[{"href":"https:\/\/archive.sana.sy\/es\/index.php?rest_route=%2Fwp%2Fv2%2Fmedia&parent=172322"}],"wp:term":[{"taxonomy":"category","embeddable":true,"href":"https:\/\/archive.sana.sy\/es\/index.php?rest_route=%2Fwp%2Fv2%2Fcategories&post=172322"},{"taxonomy":"post_tag","embeddable":true,"href":"https:\/\/archive.sana.sy\/es\/index.php?rest_route=%2Fwp%2Fv2%2Ftags&post=172322"}],"curies":[{"name":"wp","href":"https:\/\/api.w.org\/{rel}","templated":true}]}}