{"id":172433,"date":"2021-03-12T14:24:46","date_gmt":"2021-03-12T12:24:46","guid":{"rendered":"http:\/\/107.6.182.27\/es\/?p=172433"},"modified":"2021-03-12T14:24:46","modified_gmt":"2021-03-12T12:24:46","slug":"celebracion-cultural-rusa-en-damasco-por-la-fiesta-de-primavera-fotos","status":"publish","type":"post","link":"https:\/\/archive.sana.sy\/es\/?p=172433","title":{"rendered":"Celebraci\u00f3n cultural rusa en Damasco por la Fiesta de Primavera (+fotos)"},"content":{"rendered":"<p><strong><span style=\"color: #800000;\">Damasco, SANA<\/span><\/strong><\/p>\n<p>El Centro Cultural Ruso realiz\u00f3 en su sede en Damasco, una celebraci\u00f3n art\u00edstica y creativa por la Fiesta de la Primavera.<\/p>\n<p>Ese festejo se celebra en el campo de Rusia y simboliza la despedida del invierno y la llegada de la esperada primavera. En este d\u00eda, la gente sale al seno de la naturaleza acompa\u00f1ada de sus hijos y lleva consigo su comida tradicional elaborada con productos naturales t\u00edpicos de Rusia.<\/p>\n<p>Durante el acto, se realiz\u00f3 una representaci\u00f3n en lengua rusa sobre la primavera inspirada en la historia rural de Rusia.<\/p>\n<p><strong><span style=\"color: #0000ff;\">sm\/fm<\/span><\/strong><\/p>\n<div id='gallery-1' class='gallery galleryid-172433 gallery-columns-1 gallery-size-full'><figure class='gallery-item'>\n\t\t\t<div class='gallery-icon landscape'>\n\t\t\t\t<a href='https:\/\/archive.sana.sy\/es\/?attachment_id=172435'><img loading=\"lazy\" decoding=\"async\" width=\"2560\" height=\"1821\" src=\"https:\/\/archive.sana.sy\/es\/wp-content\/uploads\/2021\/03\/cultural-5.jpg\" class=\"attachment-full size-full\" alt=\"\" srcset=\"https:\/\/archive.sana.sy\/es\/wp-content\/uploads\/2021\/03\/cultural-5.jpg 2560w, https:\/\/archive.sana.sy\/es\/wp-content\/uploads\/2021\/03\/cultural-5-300x213.jpg 300w, https:\/\/archive.sana.sy\/es\/wp-content\/uploads\/2021\/03\/cultural-5-1024x728.jpg 1024w, https:\/\/archive.sana.sy\/es\/wp-content\/uploads\/2021\/03\/cultural-5-150x107.jpg 150w, https:\/\/archive.sana.sy\/es\/wp-content\/uploads\/2021\/03\/cultural-5-768x546.jpg 768w, https:\/\/archive.sana.sy\/es\/wp-content\/uploads\/2021\/03\/cultural-5-1536x1093.jpg 1536w, https:\/\/archive.sana.sy\/es\/wp-content\/uploads\/2021\/03\/cultural-5-2048x1457.jpg 2048w\" sizes=\"(max-width: 2560px) 100vw, 2560px\" \/><\/a>\n\t\t\t<\/div><\/figure><figure class='gallery-item'>\n\t\t\t<div class='gallery-icon landscape'>\n\t\t\t\t<a href='https:\/\/archive.sana.sy\/es\/?attachment_id=172436'><img loading=\"lazy\" decoding=\"async\" width=\"2560\" height=\"1652\" src=\"https:\/\/archive.sana.sy\/es\/wp-content\/uploads\/2021\/03\/cultural-6.jpg\" class=\"attachment-full size-full\" alt=\"\" srcset=\"https:\/\/archive.sana.sy\/es\/wp-content\/uploads\/2021\/03\/cultural-6.jpg 2560w, https:\/\/archive.sana.sy\/es\/wp-content\/uploads\/2021\/03\/cultural-6-300x194.jpg 300w, https:\/\/archive.sana.sy\/es\/wp-content\/uploads\/2021\/03\/cultural-6-1024x661.jpg 1024w, https:\/\/archive.sana.sy\/es\/wp-content\/uploads\/2021\/03\/cultural-6-150x97.jpg 150w, https:\/\/archive.sana.sy\/es\/wp-content\/uploads\/2021\/03\/cultural-6-768x496.jpg 768w, https:\/\/archive.sana.sy\/es\/wp-content\/uploads\/2021\/03\/cultural-6-1536x991.jpg 1536w, https:\/\/archive.sana.sy\/es\/wp-content\/uploads\/2021\/03\/cultural-6-2048x1322.jpg 2048w\" sizes=\"(max-width: 2560px) 100vw, 2560px\" \/><\/a>\n\t\t\t<\/div><\/figure><figure class='gallery-item'>\n\t\t\t<div class='gallery-icon landscape'>\n\t\t\t\t<a href='https:\/\/archive.sana.sy\/es\/?attachment_id=172437'><img loading=\"lazy\" decoding=\"async\" width=\"2560\" height=\"1704\" src=\"https:\/\/archive.sana.sy\/es\/wp-content\/uploads\/2021\/03\/cultural-r1.jpg\" class=\"attachment-full size-full\" alt=\"\" srcset=\"https:\/\/archive.sana.sy\/es\/wp-content\/uploads\/2021\/03\/cultural-r1.jpg 2560w, https:\/\/archive.sana.sy\/es\/wp-content\/uploads\/2021\/03\/cultural-r1-300x200.jpg 300w, https:\/\/archive.sana.sy\/es\/wp-content\/uploads\/2021\/03\/cultural-r1-1024x682.jpg 1024w, https:\/\/archive.sana.sy\/es\/wp-content\/uploads\/2021\/03\/cultural-r1-150x100.jpg 150w, https:\/\/archive.sana.sy\/es\/wp-content\/uploads\/2021\/03\/cultural-r1-768x511.jpg 768w, https:\/\/archive.sana.sy\/es\/wp-content\/uploads\/2021\/03\/cultural-r1-1536x1022.jpg 1536w, https:\/\/archive.sana.sy\/es\/wp-content\/uploads\/2021\/03\/cultural-r1-2048x1363.jpg 2048w, https:\/\/archive.sana.sy\/es\/wp-content\/uploads\/2021\/03\/cultural-r1-310x205.jpg 310w\" sizes=\"(max-width: 2560px) 100vw, 2560px\" \/><\/a>\n\t\t\t<\/div><\/figure><figure class='gallery-item'>\n\t\t\t<div class='gallery-icon landscape'>\n\t\t\t\t<a href='https:\/\/archive.sana.sy\/es\/?attachment_id=172438'><img loading=\"lazy\" decoding=\"async\" width=\"2560\" height=\"1704\" src=\"https:\/\/archive.sana.sy\/es\/wp-content\/uploads\/2021\/03\/cultural-r2.jpg\" class=\"attachment-full size-full\" alt=\"\" srcset=\"https:\/\/archive.sana.sy\/es\/wp-content\/uploads\/2021\/03\/cultural-r2.jpg 2560w, https:\/\/archive.sana.sy\/es\/wp-content\/uploads\/2021\/03\/cultural-r2-300x200.jpg 300w, https:\/\/archive.sana.sy\/es\/wp-content\/uploads\/2021\/03\/cultural-r2-1024x682.jpg 1024w, https:\/\/archive.sana.sy\/es\/wp-content\/uploads\/2021\/03\/cultural-r2-150x100.jpg 150w, https:\/\/archive.sana.sy\/es\/wp-content\/uploads\/2021\/03\/cultural-r2-768x511.jpg 768w, https:\/\/archive.sana.sy\/es\/wp-content\/uploads\/2021\/03\/cultural-r2-1536x1022.jpg 1536w, https:\/\/archive.sana.sy\/es\/wp-content\/uploads\/2021\/03\/cultural-r2-2048x1363.jpg 2048w, https:\/\/archive.sana.sy\/es\/wp-content\/uploads\/2021\/03\/cultural-r2-310x205.jpg 310w\" sizes=\"(max-width: 2560px) 100vw, 2560px\" \/><\/a>\n\t\t\t<\/div><\/figure><figure class='gallery-item'>\n\t\t\t<div class='gallery-icon landscape'>\n\t\t\t\t<a href='https:\/\/archive.sana.sy\/es\/?attachment_id=172439'><img loading=\"lazy\" decoding=\"async\" width=\"2560\" height=\"1833\" src=\"https:\/\/archive.sana.sy\/es\/wp-content\/uploads\/2021\/03\/cultural-r3.jpg\" class=\"attachment-full size-full\" alt=\"\" srcset=\"https:\/\/archive.sana.sy\/es\/wp-content\/uploads\/2021\/03\/cultural-r3.jpg 2560w, https:\/\/archive.sana.sy\/es\/wp-content\/uploads\/2021\/03\/cultural-r3-300x215.jpg 300w, https:\/\/archive.sana.sy\/es\/wp-content\/uploads\/2021\/03\/cultural-r3-1024x733.jpg 1024w, https:\/\/archive.sana.sy\/es\/wp-content\/uploads\/2021\/03\/cultural-r3-150x107.jpg 150w, https:\/\/archive.sana.sy\/es\/wp-content\/uploads\/2021\/03\/cultural-r3-768x550.jpg 768w, https:\/\/archive.sana.sy\/es\/wp-content\/uploads\/2021\/03\/cultural-r3-1536x1100.jpg 1536w, https:\/\/archive.sana.sy\/es\/wp-content\/uploads\/2021\/03\/cultural-r3-2048x1466.jpg 2048w\" sizes=\"(max-width: 2560px) 100vw, 2560px\" \/><\/a>\n\t\t\t<\/div><\/figure><figure class='gallery-item'>\n\t\t\t<div class='gallery-icon landscape'>\n\t\t\t\t<a href='https:\/\/archive.sana.sy\/es\/?attachment_id=172440'><img loading=\"lazy\" decoding=\"async\" width=\"2560\" height=\"1704\" src=\"https:\/\/archive.sana.sy\/es\/wp-content\/uploads\/2021\/03\/cultural-4.jpg\" class=\"attachment-full size-full\" alt=\"\" srcset=\"https:\/\/archive.sana.sy\/es\/wp-content\/uploads\/2021\/03\/cultural-4.jpg 2560w, https:\/\/archive.sana.sy\/es\/wp-content\/uploads\/2021\/03\/cultural-4-300x200.jpg 300w, https:\/\/archive.sana.sy\/es\/wp-content\/uploads\/2021\/03\/cultural-4-1024x682.jpg 1024w, https:\/\/archive.sana.sy\/es\/wp-content\/uploads\/2021\/03\/cultural-4-150x100.jpg 150w, https:\/\/archive.sana.sy\/es\/wp-content\/uploads\/2021\/03\/cultural-4-768x511.jpg 768w, https:\/\/archive.sana.sy\/es\/wp-content\/uploads\/2021\/03\/cultural-4-1536x1022.jpg 1536w, https:\/\/archive.sana.sy\/es\/wp-content\/uploads\/2021\/03\/cultural-4-2048x1363.jpg 2048w, https:\/\/archive.sana.sy\/es\/wp-content\/uploads\/2021\/03\/cultural-4-310x205.jpg 310w\" sizes=\"(max-width: 2560px) 100vw, 2560px\" \/><\/a>\n\t\t\t<\/div><\/figure>\n\t\t<\/div>\n\n","protected":false},"excerpt":{"rendered":"<p>Damasco, SANA El Centro Cultural Ruso realiz\u00f3 en su sede en Damasco, una celebraci\u00f3n art\u00edstica y creativa por la Fiesta de la Primavera. Ese festejo se celebra en el campo de Rusia y simboliza la despedida del invierno y la llegada de la esperada primavera. En este d\u00eda, la gente sale al seno de la &hellip;<\/p>\n","protected":false},"author":39,"featured_media":172434,"comment_status":"closed","ping_status":"closed","sticky":false,"template":"","format":"standard","meta":{"footnotes":""},"categories":[597,510],"tags":[],"class_list":["post-172433","post","type-post","status-publish","format-standard","has-post-thumbnail","","category-cinta-de-noticias","category-arte-y-cultura"],"_links":{"self":[{"href":"https:\/\/archive.sana.sy\/es\/index.php?rest_route=\/wp\/v2\/posts\/172433"}],"collection":[{"href":"https:\/\/archive.sana.sy\/es\/index.php?rest_route=\/wp\/v2\/posts"}],"about":[{"href":"https:\/\/archive.sana.sy\/es\/index.php?rest_route=\/wp\/v2\/types\/post"}],"author":[{"embeddable":true,"href":"https:\/\/archive.sana.sy\/es\/index.php?rest_route=\/wp\/v2\/users\/39"}],"replies":[{"embeddable":true,"href":"https:\/\/archive.sana.sy\/es\/index.php?rest_route=%2Fwp%2Fv2%2Fcomments&post=172433"}],"version-history":[{"count":0,"href":"https:\/\/archive.sana.sy\/es\/index.php?rest_route=\/wp\/v2\/posts\/172433\/revisions"}],"wp:featuredmedia":[{"embeddable":true,"href":"https:\/\/archive.sana.sy\/es\/index.php?rest_route=\/wp\/v2\/media\/172434"}],"wp:attachment":[{"href":"https:\/\/archive.sana.sy\/es\/index.php?rest_route=%2Fwp%2Fv2%2Fmedia&parent=172433"}],"wp:term":[{"taxonomy":"category","embeddable":true,"href":"https:\/\/archive.sana.sy\/es\/index.php?rest_route=%2Fwp%2Fv2%2Fcategories&post=172433"},{"taxonomy":"post_tag","embeddable":true,"href":"https:\/\/archive.sana.sy\/es\/index.php?rest_route=%2Fwp%2Fv2%2Ftags&post=172433"}],"curies":[{"name":"wp","href":"https:\/\/api.w.org\/{rel}","templated":true}]}}