{"id":172451,"date":"2021-03-12T15:13:49","date_gmt":"2021-03-12T13:13:49","guid":{"rendered":"http:\/\/107.6.182.27\/es\/?p=172451"},"modified":"2021-03-12T15:13:49","modified_gmt":"2021-03-12T13:13:49","slug":"reportan-muertes-y-heridos-por-una-mina-terrorista-en-hama","status":"publish","type":"post","link":"https:\/\/archive.sana.sy\/es\/?p=172451","title":{"rendered":"Reportan muertes y heridos por una mina terrorista en Hama"},"content":{"rendered":"<p style=\"text-align: justify;\"><span style=\"color: #800000;\"><strong>Hama, SANA<\/strong><\/span><\/p>\n<p style=\"text-align: justify;\">Dos ni\u00f1os murieron y dos personas resultaron heridas al estallarse una mina remanente de la organizaci\u00f3n terrorista (Daesh) en la aldea de Amaya en el municipio de Salamiyah en el campo oriental de la provincia de Hama.<\/p>\n<p style=\"text-align: justify;\">El d\u00eda siete de este mes, 18 personas murieron y otras tres resultaron heridas, por la explosi\u00f3n de dos minas remanentes de los terroristas en dos autom\u00f3viles en el este de Hama.<\/p>\n<p style=\"text-align: justify;\">Las organizaciones terroristas, antes de su derrota, colocaron minas y artefactos explosivos improvisados \u200b\u200ben sus lugares de despliegue y los escondieron en aldeas y pueblos y en tierras agr\u00edcolas para infligir el mayor da\u00f1o posible a las personas que regresan a sus \u00e1reas despu\u00e9s de ser liberadas del terrorismo.<\/p>\n<p style=\"text-align: justify;\"><span style=\"color: #0000ff;\"><strong>sm\/mm<\/strong><\/span><\/p>\n","protected":false},"excerpt":{"rendered":"<p>Hama, SANA Dos ni\u00f1os murieron y dos personas resultaron heridas al estallarse una mina remanente de la organizaci\u00f3n terrorista (Daesh) en la aldea de Amaya en el municipio de Salamiyah en el campo oriental de la provincia de Hama. El d\u00eda siete de este mes, 18 personas murieron y otras tres resultaron heridas, por la &hellip;<\/p>\n","protected":false},"author":39,"featured_media":172452,"comment_status":"closed","ping_status":"closed","sticky":false,"template":"","format":"standard","meta":{"footnotes":""},"categories":[597,573,7541],"tags":[],"class_list":["post-172451","post","type-post","status-publish","format-standard","has-post-thumbnail","","category-cinta-de-noticias","category-la-realidad-de-los-acontecimientos-en-siria","category-ultimas-noticias"],"_links":{"self":[{"href":"https:\/\/archive.sana.sy\/es\/index.php?rest_route=\/wp\/v2\/posts\/172451"}],"collection":[{"href":"https:\/\/archive.sana.sy\/es\/index.php?rest_route=\/wp\/v2\/posts"}],"about":[{"href":"https:\/\/archive.sana.sy\/es\/index.php?rest_route=\/wp\/v2\/types\/post"}],"author":[{"embeddable":true,"href":"https:\/\/archive.sana.sy\/es\/index.php?rest_route=\/wp\/v2\/users\/39"}],"replies":[{"embeddable":true,"href":"https:\/\/archive.sana.sy\/es\/index.php?rest_route=%2Fwp%2Fv2%2Fcomments&post=172451"}],"version-history":[{"count":0,"href":"https:\/\/archive.sana.sy\/es\/index.php?rest_route=\/wp\/v2\/posts\/172451\/revisions"}],"wp:featuredmedia":[{"embeddable":true,"href":"https:\/\/archive.sana.sy\/es\/index.php?rest_route=\/wp\/v2\/media\/172452"}],"wp:attachment":[{"href":"https:\/\/archive.sana.sy\/es\/index.php?rest_route=%2Fwp%2Fv2%2Fmedia&parent=172451"}],"wp:term":[{"taxonomy":"category","embeddable":true,"href":"https:\/\/archive.sana.sy\/es\/index.php?rest_route=%2Fwp%2Fv2%2Fcategories&post=172451"},{"taxonomy":"post_tag","embeddable":true,"href":"https:\/\/archive.sana.sy\/es\/index.php?rest_route=%2Fwp%2Fv2%2Ftags&post=172451"}],"curies":[{"name":"wp","href":"https:\/\/api.w.org\/{rel}","templated":true}]}}