{"id":172488,"date":"2021-03-12T18:31:46","date_gmt":"2021-03-12T16:31:46","guid":{"rendered":"http:\/\/107.6.182.27\/es\/?p=172488"},"modified":"2021-03-12T18:35:12","modified_gmt":"2021-03-12T16:35:12","slug":"siria-e-india-destacan-importancia-de-seguir-desarrollando-las-relaciones-bilaterales","status":"publish","type":"post","link":"https:\/\/archive.sana.sy\/es\/?p=172488","title":{"rendered":"Siria e India destacan importancia de seguir desarrollando las relaciones bilaterales"},"content":{"rendered":"<p><span style=\"color: #800000;\">Damasco, SANA<\/span><\/p>\n<p style=\"text-align: justify;\">El ministro de Asuntos Exteriores y Expatriados, Dr. Faisal al-Mikdad, discuti\u00f3 este viernes telef\u00f3nicamente con su hom\u00f3logo de la India, Subrahmanyam Jaishanka, la situaci\u00f3n en la regi\u00f3n y el escenario internacional, en particular las relaciones bilaterales entre Siria e la India.<\/p>\n<p style=\"text-align: justify;\">El canciller indio transmiti\u00f3 los saludos del primer ministro indio Narendra Modi al presidente Bashar Al-Assad y su esposa, y su deseo de una r\u00e1pida recuperaci\u00f3n al presidente y a la primera dama, tras contagiarse de la Covid-19.<\/p>\n<p style=\"text-align: justify;\">El ministro Jaishanka, en nombre del gobierno indio, tambi\u00e9n expres\u00f3 sentimientos de solidaridad con la Rep\u00fablica \u00c1rabe Siria para enfrentar los desaf\u00edos actuales dejados por la guerra terrorista librada en su contra y las repercusiones negativas causadas por la pandemia de Covid-19, especialmente los desaf\u00edos econ\u00f3micos., destacando la necesidad de fortalecer la cooperaci\u00f3n entre los dos pa\u00edses amigos.<\/p>\n<p style=\"text-align: justify;\">El ministro de Relaciones Exteriores de la India se\u00f1al\u00f3 que su pa\u00eds, que recientemente se convirti\u00f3 en miembro no permanente del Consejo de Seguridad, est\u00e1 comprometido con la Carta de las Naciones Unidas y el derecho internacional en beneficio de los pueblos del mundo, y que la postura de la India hacia Siria es firme y basada en la relaci\u00f3n hist\u00f3rica independiente que une a los dos pa\u00edses.<\/p>\n<p style=\"text-align: justify;\">A su vez, el ministro Al-Miqdad agradeci\u00f3 los buenos sentimientos expresados por el ministro indio, expresando su agradecimiento por la postura de apoyo de la India a Siria en su guerra contra el terrorismo, y por la asistencia que envi\u00f3 a Siria en el \u00faltimo per\u00edodo para enfrentar las repercusiones de del coronavirus.<\/p>\n<p style=\"text-align: justify;\">En este sentido, al-Miqdad enfatiz\u00f3 la necesidad de impulsar las relaciones bilaterales entre los dos pa\u00edses .<\/p>\n<p><em>mm<\/em><\/p>\n","protected":false},"excerpt":{"rendered":"<p>Damasco, SANA El ministro de Asuntos Exteriores y Expatriados, Dr. Faisal al-Mikdad, discuti\u00f3 este viernes telef\u00f3nicamente con su hom\u00f3logo de la India, Subrahmanyam Jaishanka, la situaci\u00f3n en la regi\u00f3n y el escenario internacional, en particular las relaciones bilaterales entre Siria e la India. El canciller indio transmiti\u00f3 los saludos del primer ministro indio Narendra Modi &hellip;<\/p>\n","protected":false},"author":36,"featured_media":172489,"comment_status":"closed","ping_status":"closed","sticky":false,"template":"","format":"standard","meta":{"footnotes":""},"categories":[467,7541],"tags":[],"class_list":["post-172488","post","type-post","status-publish","format-standard","has-post-thumbnail","","category-siria-y-el-mundo","category-ultimas-noticias"],"_links":{"self":[{"href":"https:\/\/archive.sana.sy\/es\/index.php?rest_route=\/wp\/v2\/posts\/172488"}],"collection":[{"href":"https:\/\/archive.sana.sy\/es\/index.php?rest_route=\/wp\/v2\/posts"}],"about":[{"href":"https:\/\/archive.sana.sy\/es\/index.php?rest_route=\/wp\/v2\/types\/post"}],"author":[{"embeddable":true,"href":"https:\/\/archive.sana.sy\/es\/index.php?rest_route=\/wp\/v2\/users\/36"}],"replies":[{"embeddable":true,"href":"https:\/\/archive.sana.sy\/es\/index.php?rest_route=%2Fwp%2Fv2%2Fcomments&post=172488"}],"version-history":[{"count":0,"href":"https:\/\/archive.sana.sy\/es\/index.php?rest_route=\/wp\/v2\/posts\/172488\/revisions"}],"wp:featuredmedia":[{"embeddable":true,"href":"https:\/\/archive.sana.sy\/es\/index.php?rest_route=\/wp\/v2\/media\/172489"}],"wp:attachment":[{"href":"https:\/\/archive.sana.sy\/es\/index.php?rest_route=%2Fwp%2Fv2%2Fmedia&parent=172488"}],"wp:term":[{"taxonomy":"category","embeddable":true,"href":"https:\/\/archive.sana.sy\/es\/index.php?rest_route=%2Fwp%2Fv2%2Fcategories&post=172488"},{"taxonomy":"post_tag","embeddable":true,"href":"https:\/\/archive.sana.sy\/es\/index.php?rest_route=%2Fwp%2Fv2%2Ftags&post=172488"}],"curies":[{"name":"wp","href":"https:\/\/api.w.org\/{rel}","templated":true}]}}