{"id":172491,"date":"2021-03-12T18:21:40","date_gmt":"2021-03-12T16:21:40","guid":{"rendered":"http:\/\/107.6.182.27\/es\/?p=172491"},"modified":"2021-03-12T18:22:19","modified_gmt":"2021-03-12T16:22:19","slug":"rusia-la-intervencion-externa-en-siria-conto-con-el-terrorismo-internacional-en-todas-sus-formas","status":"publish","type":"post","link":"https:\/\/archive.sana.sy\/es\/?p=172491","title":{"rendered":"Rusia: intervenci\u00f3n externa en Siria cont\u00f3 con el terrorismo internacional en todas sus formas"},"content":{"rendered":"<p style=\"text-align: justify;\"><span style=\"color: #800000;\">Mosc\u00fa, SANA<\/span><\/p>\n<p style=\"text-align: justify;\">El ministerio de Relaciones Exteriores de Rusia confirm\u00f3 que la crisis en Siria es el resultado de una injerencia externa en sus asuntos internos, se\u00f1alando que esta intervenci\u00f3n cont\u00f3 del terrorismo internacional en todas sus formas.<\/p>\n<p style=\"text-align: justify;\">Por medio de un comunicado, la Canciller\u00eda rusa indic\u00f3 que los pa\u00edses que participaron directamente en la ocurrencia de esta crisis practican un doble rasero y contin\u00faan apoyando a las fuerzas que se niegan al di\u00e1logo para resolver la crisis, incluidas las organizaciones terroristas, destacando que estos pa\u00edses \u201cson los principales responsables de la continuaci\u00f3n de esta crisis &#8220;.<\/p>\n<p>La nota resalt\u00f3 que las pol\u00edticas rusas hacia Siria depend\u00edan y siguen dependiendo del respeto de la soberan\u00eda, la independencia y la integridad territorial del pa\u00eds, y recalc\u00f3 que Rusia hizo una contribuci\u00f3n decisiva para derrotar a la organizaci\u00f3n terrorista &#8220;Daesh&#8221; e infligir p\u00e9rdidas a otras organizaciones terroristas internacionales en Siria.<\/p>\n<p style=\"text-align: justify;\">De este modo, la declaraci\u00f3n enfatiz\u00f3 que &#8220;Mosc\u00fa, que toma una posici\u00f3n firme contra el terrorismo internacional en todas sus formas, se mantiene firme en su apoyo al proceso pol\u00edtico liderado por los propios sirios de acuerdo con la Resolv\u00edan del Consejo de Seguridad de la ONU, N-2254&#8221;.<\/p>\n<p style=\"text-align: justify;\">&#8220;Rusia est\u00e1 convencida de la necesidad de que las partes sirias alcancen una visi\u00f3n com\u00fan para el futuro del pa\u00eds sin presiones externas para lograr un resultado final&#8221;, agrega el texto, subrayando la necesidad de que la comunidad internacional brinde las condiciones adecuadas para el retorno de los sirios desplazados a sus hogares.<\/p>\n<p style=\"text-align: justify;\">El comunicado indic\u00f3 que las medidas coercitivas unilaterales impuestas a Siria son el resultado del fracaso militar de los planes occidentales en su contra, se\u00f1alando que Occidente est\u00e1 politizando el expediente de ayuda humanitaria a pesar del sufrimiento del pueblo sirio debido a la pandemia de Covid-19 e insiste en enviar dicha ayuda solo a las \u00e1reas donde est\u00e1n presentes sus agentes.<\/p>\n<p style=\"text-align: justify;\">Asimismo, la Canciller\u00eda rusa explic\u00f3 que &#8220;existen algunos focos de tensi\u00f3n en la provincia de Idlib, utilizada por los terroristas de la organizaci\u00f3n (Frente Al-Nusra) como su basti\u00f3n, as\u00ed como en las \u00e1reas de presencia militar ilegal de Estados Unidos en en la regi\u00f3n siria de Al-Yazira y Al-Tanf &#8220;.<\/p>\n<p><em>mm<\/em><\/p>\n","protected":false},"excerpt":{"rendered":"<p>Mosc\u00fa, SANA El ministerio de Relaciones Exteriores de Rusia confirm\u00f3 que la crisis en Siria es el resultado de una injerencia externa en sus asuntos internos, se\u00f1alando que esta intervenci\u00f3n cont\u00f3 del terrorismo internacional en todas sus formas. Por medio de un comunicado, la Canciller\u00eda rusa indic\u00f3 que los pa\u00edses que participaron directamente en la &hellip;<\/p>\n","protected":false},"author":36,"featured_media":172492,"comment_status":"closed","ping_status":"closed","sticky":false,"template":"","format":"standard","meta":{"footnotes":""},"categories":[597,467,7541],"tags":[],"class_list":["post-172491","post","type-post","status-publish","format-standard","has-post-thumbnail","","category-cinta-de-noticias","category-siria-y-el-mundo","category-ultimas-noticias"],"_links":{"self":[{"href":"https:\/\/archive.sana.sy\/es\/index.php?rest_route=\/wp\/v2\/posts\/172491"}],"collection":[{"href":"https:\/\/archive.sana.sy\/es\/index.php?rest_route=\/wp\/v2\/posts"}],"about":[{"href":"https:\/\/archive.sana.sy\/es\/index.php?rest_route=\/wp\/v2\/types\/post"}],"author":[{"embeddable":true,"href":"https:\/\/archive.sana.sy\/es\/index.php?rest_route=\/wp\/v2\/users\/36"}],"replies":[{"embeddable":true,"href":"https:\/\/archive.sana.sy\/es\/index.php?rest_route=%2Fwp%2Fv2%2Fcomments&post=172491"}],"version-history":[{"count":0,"href":"https:\/\/archive.sana.sy\/es\/index.php?rest_route=\/wp\/v2\/posts\/172491\/revisions"}],"wp:featuredmedia":[{"embeddable":true,"href":"https:\/\/archive.sana.sy\/es\/index.php?rest_route=\/wp\/v2\/media\/172492"}],"wp:attachment":[{"href":"https:\/\/archive.sana.sy\/es\/index.php?rest_route=%2Fwp%2Fv2%2Fmedia&parent=172491"}],"wp:term":[{"taxonomy":"category","embeddable":true,"href":"https:\/\/archive.sana.sy\/es\/index.php?rest_route=%2Fwp%2Fv2%2Fcategories&post=172491"},{"taxonomy":"post_tag","embeddable":true,"href":"https:\/\/archive.sana.sy\/es\/index.php?rest_route=%2Fwp%2Fv2%2Ftags&post=172491"}],"curies":[{"name":"wp","href":"https:\/\/api.w.org\/{rel}","templated":true}]}}