{"id":172509,"date":"2021-03-13T08:42:49","date_gmt":"2021-03-13T06:42:49","guid":{"rendered":"http:\/\/107.6.182.27\/es\/?p=172509"},"modified":"2023-01-10T15:33:45","modified_gmt":"2023-01-10T13:33:45","slug":"titulares-de-la-agencia-sana-para-este-13-de-marzo-del-2021","status":"publish","type":"post","link":"https:\/\/archive.sana.sy\/es\/?p=172509","title":{"rendered":"Titulares de la agencia SANA para este 13 de marzo del 2021"},"content":{"rendered":"<p><strong><span style=\"color: #800000;\">Damasco , SANA\u00a0<\/span><\/strong><\/p>\n<p>????Presidente Bashar al-Assad emite amnist\u00eda general para delitos establecidos en la Ley del Servicio Militar.<\/p>\n<p>????Zapadores sirios inician operaciones de desminado en el campo de Hama (fotos).<\/p>\n<p>????Mosc\u00fa: Siria ha sido objeto de una agresi\u00f3n terrorista internacional sin precedentes.<\/p>\n<p>????Bogdanov y Pedersen repasan la situaci\u00f3n en Siria.<\/p>\n<p>????Rusia: intervenci\u00f3n externa en Siria cont\u00f3 con el terrorismo internacional en todas sus formas.<\/p>\n<p>????Siria e India destacan importancia de seguir desarrollando las relaciones bilaterales.<\/p>\n<p>????Marat\u00f3n en Damasco como parte de la campa\u00f1a \u201cuna Semana sin Az\u00facar\u201d lanzada por el Ministerio de Salud (fotos).<\/p>\n<p>????Celebraci\u00f3n cultural rusa en Damasco por la Fiesta de Primavera (+fotos).<\/p>\n<p>????Vendi\u00f3 su casa para devolverle la vida a la escuela de su localidad natal en Ghouta Oriental.<\/p>\n<p>????Reportan muertes y heridos por una mina terrorista en Hama.<\/p>\n<p>????Siria confirma 71 nuevos casos, 88 recuperados y 5 decesos por Covid-19.<\/p>\n<p>????Partido Laborista Egipcio tacha de \u201cilegales\u201d medidas coercitivas impuestas a los sirios.<\/p>\n<p>????Continuo apoyo externo a terroristas prolong\u00f3 la crisis en Siria, afirma analista checo.<\/p>\n<p>????Declaraci\u00f3n rusa-turca-qatar\u00ed afirma compromiso con la soberan\u00eda e independencia de Siria.<\/p>\n<p>????Barco mercante iran\u00ed fue blanco de ataque terrorista en el Mediterr\u00e1neo.<\/p>\n<p>????Decenas de palestinos asfixiados por gases lacrim\u00f3genos israel\u00edes en Cisjordania.<\/p>\n<p>????Medidas de bloqueo estadounidenses son inhumanas e ilegales, afirma Teher\u00e1n.<\/p>\n<p>????Fuerzas iraqu\u00edes destruyen dos refugios del Daesh en Anbar.<\/p>\n<p>&nbsp;<\/p>\n","protected":false},"excerpt":{"rendered":"<p>Damasco , SANA\u00a0 ????Presidente Bashar al-Assad emite amnist\u00eda general para delitos establecidos en la Ley del Servicio Militar. ????Zapadores sirios inician operaciones de desminado en el campo de Hama (fotos). ????Mosc\u00fa: Siria ha sido objeto de una agresi\u00f3n terrorista internacional sin precedentes. ????Bogdanov y Pedersen repasan la situaci\u00f3n en Siria. ????Rusia: intervenci\u00f3n externa en Siria &hellip;<\/p>\n","protected":false},"author":35,"featured_media":172510,"comment_status":"closed","ping_status":"closed","sticky":false,"template":"","format":"standard","meta":{"footnotes":""},"categories":[447,555,597,476,7541],"tags":[],"class_list":["post-172509","post","type-post","status-publish","format-standard","has-post-thumbnail","","category-local-politica","category-prensa","category-cinta-de-noticias","category-locales","category-ultimas-noticias"],"_links":{"self":[{"href":"https:\/\/archive.sana.sy\/es\/index.php?rest_route=\/wp\/v2\/posts\/172509"}],"collection":[{"href":"https:\/\/archive.sana.sy\/es\/index.php?rest_route=\/wp\/v2\/posts"}],"about":[{"href":"https:\/\/archive.sana.sy\/es\/index.php?rest_route=\/wp\/v2\/types\/post"}],"author":[{"embeddable":true,"href":"https:\/\/archive.sana.sy\/es\/index.php?rest_route=\/wp\/v2\/users\/35"}],"replies":[{"embeddable":true,"href":"https:\/\/archive.sana.sy\/es\/index.php?rest_route=%2Fwp%2Fv2%2Fcomments&post=172509"}],"version-history":[{"count":0,"href":"https:\/\/archive.sana.sy\/es\/index.php?rest_route=\/wp\/v2\/posts\/172509\/revisions"}],"wp:featuredmedia":[{"embeddable":true,"href":"https:\/\/archive.sana.sy\/es\/index.php?rest_route=\/wp\/v2\/media\/172510"}],"wp:attachment":[{"href":"https:\/\/archive.sana.sy\/es\/index.php?rest_route=%2Fwp%2Fv2%2Fmedia&parent=172509"}],"wp:term":[{"taxonomy":"category","embeddable":true,"href":"https:\/\/archive.sana.sy\/es\/index.php?rest_route=%2Fwp%2Fv2%2Fcategories&post=172509"},{"taxonomy":"post_tag","embeddable":true,"href":"https:\/\/archive.sana.sy\/es\/index.php?rest_route=%2Fwp%2Fv2%2Ftags&post=172509"}],"curies":[{"name":"wp","href":"https:\/\/api.w.org\/{rel}","templated":true}]}}