{"id":172512,"date":"2021-03-13T10:02:40","date_gmt":"2021-03-13T08:02:40","guid":{"rendered":"http:\/\/107.6.182.27\/es\/?p=172512"},"modified":"2023-01-12T14:41:50","modified_gmt":"2023-01-12T12:41:50","slug":"china-condena-politizacion-de-derechos-humanos-para-intervenir-en-sus-asuntos","status":"publish","type":"post","link":"https:\/\/archive.sana.sy\/es\/?p=172512","title":{"rendered":"China condena politizaci\u00f3n de derechos humanos para intervenir en sus asuntos"},"content":{"rendered":"<p style=\"text-align: justify;\"><strong><span style=\"color: #800000;\">Pek\u00edn ,SANA<\/span><\/strong><\/p>\n<p style=\"text-align: justify;\">El gobierno chino inst\u00f3 a algunos pa\u00edses a dejar de aplicar m\u00e9todos de prejuicios ideol\u00f3gicos y el doble rasero en cuestiones relacionadas con los derechos humanos.<\/p>\n<p style=\"text-align: justify;\">El portavoz del Ministerio de Exteriores de China , Zhao Lijian , declar\u00f3 que hay pa\u00edses que explotan lo que est\u00e1 sucediendo en Xinjiang para fabricar mentiras caminadas a poner en sospecha a Pek\u00edn con respecto a la lucha contra el terrorismo y el extremismo \u201d.<\/p>\n<p style=\"text-align: justify;\">\u00a8Los asuntos relativos con la regi\u00f3n noroeste de China es sobre la lucha contra el terrorismo, el extremismo y el separatismo, y no tienen nada que ver con los derechos humanos\u00a8 asever\u00f3.<\/p>\n<p style=\"text-align: justify;\">Lijian expres\u00f3 la condena de su pa\u00eds por el intento de politizar las cuestiones de derechos humanos para interferir en los asuntos internos de China, y enfatiz\u00f3 que la puerta a Xinjiang siempre est\u00e1 abierta para cualquiera que quiera ver los hechos por s\u00ed mismo, lejos de acusaciones y mentiras fabricadas.<\/p>\n<p style=\"text-align: justify;\">Por otra parte, esper\u00f3 que el pr\u00f3ximo di\u00e1logo estrat\u00e9gico de alto nivel entre diplom\u00e1ticos de alto nivel de China y Estados Unidos promueva el desarrollo s\u00f3lido y estable de las relaciones bilaterales.<\/p>\n<p style=\"text-align: justify;\"><span style=\"color: #0000ff;\"><strong>ws\/fm<\/strong><\/span><\/p>\n","protected":false},"excerpt":{"rendered":"<p>Pek\u00edn ,SANA El gobierno chino inst\u00f3 a algunos pa\u00edses a dejar de aplicar m\u00e9todos de prejuicios ideol\u00f3gicos y el doble rasero en cuestiones relacionadas con los derechos humanos. El portavoz del Ministerio de Exteriores de China , Zhao Lijian , declar\u00f3 que hay pa\u00edses que explotan lo que est\u00e1 sucediendo en Xinjiang para fabricar mentiras &hellip;<\/p>\n","protected":false},"author":35,"featured_media":172513,"comment_status":"closed","ping_status":"closed","sticky":false,"template":"","format":"standard","meta":{"footnotes":""},"categories":[597,456],"tags":[],"class_list":["post-172512","post","type-post","status-publish","format-standard","has-post-thumbnail","","category-cinta-de-noticias","category-arabe-internacional-politica"],"_links":{"self":[{"href":"https:\/\/archive.sana.sy\/es\/index.php?rest_route=\/wp\/v2\/posts\/172512"}],"collection":[{"href":"https:\/\/archive.sana.sy\/es\/index.php?rest_route=\/wp\/v2\/posts"}],"about":[{"href":"https:\/\/archive.sana.sy\/es\/index.php?rest_route=\/wp\/v2\/types\/post"}],"author":[{"embeddable":true,"href":"https:\/\/archive.sana.sy\/es\/index.php?rest_route=\/wp\/v2\/users\/35"}],"replies":[{"embeddable":true,"href":"https:\/\/archive.sana.sy\/es\/index.php?rest_route=%2Fwp%2Fv2%2Fcomments&post=172512"}],"version-history":[{"count":0,"href":"https:\/\/archive.sana.sy\/es\/index.php?rest_route=\/wp\/v2\/posts\/172512\/revisions"}],"wp:featuredmedia":[{"embeddable":true,"href":"https:\/\/archive.sana.sy\/es\/index.php?rest_route=\/wp\/v2\/media\/172513"}],"wp:attachment":[{"href":"https:\/\/archive.sana.sy\/es\/index.php?rest_route=%2Fwp%2Fv2%2Fmedia&parent=172512"}],"wp:term":[{"taxonomy":"category","embeddable":true,"href":"https:\/\/archive.sana.sy\/es\/index.php?rest_route=%2Fwp%2Fv2%2Fcategories&post=172512"},{"taxonomy":"post_tag","embeddable":true,"href":"https:\/\/archive.sana.sy\/es\/index.php?rest_route=%2Fwp%2Fv2%2Ftags&post=172512"}],"curies":[{"name":"wp","href":"https:\/\/api.w.org\/{rel}","templated":true}]}}