{"id":172524,"date":"2021-03-13T12:05:42","date_gmt":"2021-03-13T10:05:42","guid":{"rendered":"http:\/\/107.6.182.27\/es\/?p=172524"},"modified":"2021-03-13T12:06:29","modified_gmt":"2021-03-13T10:06:29","slug":"resumen-economico-semanal-siria-se-recupera-y-vence-el-bloqueo-2","status":"publish","type":"post","link":"https:\/\/archive.sana.sy\/es\/?p=172524","title":{"rendered":"Resumen econ\u00f3mico semanal.. Siria se recupera y vence el bloqueo"},"content":{"rendered":"<p style=\"text-align: justify;\"><span style=\"color: #800000;\"><strong>Damasco , SANA<\/strong><\/span><\/p>\n<p style=\"text-align: justify;\"><strong><span style=\"color: #000000;\">A continuaci\u00f3n un resumen de las noticias econ\u00f3micas m\u00e1s importantes de Siria difundidas por nuestra agencia durante la semana reci\u00e9n concluida.<\/span><\/strong><\/p>\n<h4 style=\"text-align: justify;\"><strong><span style=\"color: #0000ff;\">Compa\u00f1\u00eda sirio-iran\u00ed SIAMCO pondr\u00e1 en venta en el mercado sirio un nuevo veh\u00edculo a precio de costo<\/span><\/strong><\/h4>\n<p style=\"text-align: justify;\">El Director de la Empresa Estatal de Industrias Mec\u00e1nicas, Asaad Wardah, revel\u00f3 que la compa\u00f1\u00eda de fabricaci\u00f3n de autom\u00f3viles sirio-iran\u00ed \u201cSIAMCO\u201d obtuvo la autorizaci\u00f3n para importar piezas de autom\u00f3viles para comenzar la producci\u00f3n de nuevo con el objetivo de producir un veh\u00edculo moderno y mediano capaz de frenar la subida de precios de los autom\u00f3viles en el mercado sirio.<\/p>\n<p style=\"text-align: justify;\">\u201cLa producci\u00f3n comenzar\u00e1 en los pr\u00f3ximos dos meses apenas llegan las piezas\u201d, se\u00f1al\u00f3, y agreg\u00f3 que la planta producir\u00eda unos 1000 veh\u00edculos en el primer a\u00f1o y luego esa cifra aumentar\u00e1 de forma paulatina.<\/p>\n<p style=\"text-align: justify;\">Precis\u00f3 que el veh\u00edculo que producir\u00e1 SIAMCO se vender\u00e1 a precio de costo con poco margen de ganancia, lo cual contribuir\u00e1 a poner l\u00edmite a la aflechada subida de precios de autom\u00f3viles en el mercado local.<\/p>\n<p style=\"text-align: justify;\">Destac\u00f3 que la compa\u00f1\u00eda financiar\u00e1 la importaci\u00f3n de los componentes de autom\u00f3viles por cuenta propia y no depender\u00e1 del Banco Central de Siria en cuanto al proceso de financiaci\u00f3n con divisa extranjera.<\/p>\n<p style=\"text-align: justify;\">Cabe recordar que SIAMCO es una compa\u00f1\u00eda an\u00f3nima cuya propiedad corresponde a la compa\u00f1\u00eda iran\u00ed Ir\u00e1n Khodro (el 40%), la Empresa Estatal de Industrias Mec\u00e1nicas (el 35%) y la empresa privada siria Adaa Motors (el 25%).<\/p>\n<p style=\"text-align: justify;\"><span style=\"color: #0000ff;\"><strong>Siria dispone de 30 instalaciones de elaboraci\u00f3n de manzana y la mayor\u00eda se encuentra en Sweida<\/strong><\/span><\/p>\n<p style=\"text-align: justify;\">El director del Despacho de Manzanas del Ministerio de Agricultura y Reforma Agraria, Wajdi Abu Reslan, inform\u00f3 que el n\u00famero de instalaciones de elaboraci\u00f3n de manzana en Siria llega a 30, la mayor\u00eda de las cuales se encuentran en la provincia sure\u00f1a de Sweida.<\/p>\n<p style=\"text-align: justify;\">Detall\u00f3 que la capacidad total de estos establecimientos alcanza 1106 toneladas de la producci\u00f3n, y los mismos se distribuyen as\u00ed: 19 para la fabricaci\u00f3n de vinagre, 9 para la elaboraci\u00f3n de melado de manzana, una planta de jugo, y una para la producci\u00f3n de manzanas deshidratadas.<\/p>\n<p style=\"text-align: justify;\">Explic\u00f3 que las manzanas sirias se caracterizan por su capacidad de aguantar largo tiempo de almacenamiento seg\u00fan las variedades- algunas alcanzan un per\u00edodo de almacenamiento de m\u00e1s de ocho meses- y por lo tanto la disponibilidad de esta fruta durante todo el a\u00f1o, y la capacidad de exportarla a mercados extranjeros en diferentes periodos del a\u00f1o.<\/p>\n<p style=\"text-align: justify;\">Indic\u00f3 a la presencia de 2175 unidades de almacenamiento y enfriamiento con capacidad que asciende a alrededor de 125 mil toneladas en todas las provincias donde se produce la fruta.<\/p>\n<p style=\"text-align: justify;\">En 2020, la producci\u00f3n total de manzanas en Siria ascendi\u00f3 a 267679 toneladas.<\/p>\n<p style=\"text-align: justify;\"><span style=\"color: #0000ff;\"><strong>Mantenimiento de planta de gas asegura producci\u00f3n adicional de 200 mil metros c\u00fabicos de gas por d\u00eda (+ fotos)<\/strong><\/span><\/p>\n<p style=\"text-align: justify;\">Los trabajadores y t\u00e9cnicos del Ministerio de Petr\u00f3leo y Recursos Minerales completaron los trabajos de mantenimiento del sistema de compresores, el sistema de alimentaci\u00f3n y el centro de control de motores en la segunda planta de la Compa\u00f1\u00eda Hayan en la provincia de Homs.<\/p>\n<p style=\"text-align: justify;\">El Ministro de Petr\u00f3leo y Recursos Minerales, Bassam Tohme, recorri\u00f3 las instalaciones de la planta despu\u00e9s de la finalizaci\u00f3n del mantenimiento, lo cual garantizar\u00eda aumento actual de la producci\u00f3n en aproximadamente 200 mil metros c\u00fabicos de gas por d\u00eda, que ser\u00e1n destinados a las centrales de generaci\u00f3n el\u00e9ctrica.<\/p>\n<p style=\"text-align: justify;\">Basem Saad, gerente de la empresa, dijo que los equipos de la empresa llevaron a cabo una \u201csoluci\u00f3n creativa\u201d luego del sabotaje que sufrieron las principales instalaciones de la planta como consecuencia del terrorismo.<\/p>\n<p style=\"text-align: justify;\">Dijo que el aumento actual de la producci\u00f3n podr\u00eda llegar a unos 250 mil metros c\u00fabicos por d\u00eda.<\/p>\n<p style=\"text-align: justify;\"><span style=\"color: #0000ff;\"><strong>Con capital de 350 millones de USD, nueva planta de refinamiento de az\u00facar entra en fase de producci\u00f3n en Siria<\/strong><\/span><\/p>\n<p style=\"text-align: justify;\">Nuevas instalaciones entraron en fase de producci\u00f3n en la Zona Industrial de Hassieh en la provincia central de Homs.<\/p>\n<p style=\"text-align: justify;\">El Director de esa zona industrial, Bassam Mansour, declar\u00f3 a SANA que desde principios del a\u00f1o en curso hubo siete nuevas inversiones algunas de beneficiaron de la decisi\u00f3n del gobierno para reemplazar las importaciones por productos producidos localmente.<\/p>\n<p style=\"text-align: justify;\">\u201cEl n\u00famero total de inversiones en Hassieh supera las 888, de los cuales 277 iniciaron la producci\u00f3n y el resto est\u00e1 en proceso de construcci\u00f3n o instalaci\u00f3n de m\u00e1quinas\u201d, explic\u00f3.<\/p>\n<p style=\"text-align: justify;\">Entre las nuevas plantas que comenzaron a producir figura una para refinar y producir az\u00facar cuya capacidad de producci\u00f3n supera el mill\u00f3n de toneladas anualmente y satisface la necesidad del pa\u00eds y logra excedente para exportaci\u00f3n.<\/p>\n<p style=\"text-align: justify;\">El capital de la planta es 350 millones de d\u00f3lares y ofrece alrededor de 400 oportunidades de trabajo.<\/p>\n<p style=\"text-align: justify;\"><span style=\"color: #0000ff;\"><strong>Gobierno sube precio de compra del trigo de los agricultores a 900 libras sirias por kilogramo<\/strong><\/span><\/p>\n<p style=\"text-align: justify;\">El Consejo de Ministros decidi\u00f3 hoy subir el precio de compra de trigo a los agricultores para la temporada 2021 a 800 libras sirias por kilogramo y se le suma otras 100 libras por kilogramo como abondo para los campesinos que entreguen su trigo a los centros de la Empresa Estatal de Granos.<\/p>\n<p style=\"text-align: justify;\">La decisi\u00f3n tiene como objetivo la compra de la mayor cantidad posible de cosecha y ayudar a los agricultores a asegurar los requisitos de producci\u00f3n.<\/p>\n<p style=\"text-align: justify;\">El ministro de Agricultura y Reforma Agraria, Muhammad Hassan Qatana, declar\u00f3 a la prensa que el Gabinete aprob\u00f3 subir el precio de un kilogramo de trigo de 550 a 900 libras, y se tom\u00f3 en cuenta en esta decisi\u00f3n los costos reales en el mercado local.<\/p>\n<p style=\"text-align: justify;\">\u201cEl Banco Agr\u00edcola garantizar\u00e1 los fertilizantes necesarios para las \u00e1reas cultivadas de trigo\u201d, detall\u00f3.<\/p>\n<p style=\"text-align: justify;\">El titular revel\u00f3 que el gobierno elev\u00f3 tambi\u00e9n el precio de algod\u00f3n de 700 libras por kilogramo, precio establecido el a\u00f1o pasado, a 1500 libras para el a\u00f1o 2021, con la objetivo de apoyar a los agricultores a garantizar sus necesidades de producci\u00f3n.<\/p>\n<p style=\"text-align: justify;\"><strong><span style=\"color: #0000ff;\">Dos millones 800 mil ni\u00f1os sirios ser\u00e1n inmunizados a partir de hoy contra la poliomielitis (+fotos)<\/span><\/strong><\/p>\n<p style=\"text-align: justify;\">La primera campa\u00f1a nacional de vacunaci\u00f3n para el a\u00f1o 2021 contra la poliomielitis comenz\u00f3 hoy en todas las provincias del pa\u00eds.<\/p>\n<p style=\"text-align: justify;\">Seg\u00fan el Ministerio de Salud, la campa\u00f1a durar\u00e1 hasta el d\u00eda 11 del mes en curso y tiene como objetivo vacunar a todos los menores de cinco a\u00f1os, cuyo n\u00famero asciende a dos millones 800 mil ni\u00f1os.<\/p>\n<p style=\"text-align: justify;\">Asegur\u00f3 que el personal de salud encargado de la inmunizaci\u00f3n est\u00e1 en todas las provincias y tom\u00f3 las medidas de prevenci\u00f3n del nuevo Coronavirus.<\/p>\n<p style=\"text-align: justify;\">Seg\u00fan el ministerio, la vacuna es segura y est\u00e1 aprobada por la Organizaci\u00f3n Mundial de la Salud (OMS) y fortalece la inmunidad de los ni\u00f1os, especialmente en medio de la pandemia de Covid-19.<\/p>\n<p style=\"text-align: justify;\">Esta campa\u00f1a nacional es una de varias lanzadas por el Ministerio de Salud desde el a\u00f1o 2013 cuando se detectaron varios casos de poliomielitis de origen pakistan\u00ed tra\u00eddos por los terroristas extranjeros en Deir Ezzor, y fue la primera vez en que se detecta esta enfermedad desde que Siria fuera a declarada libre en 1995.<\/p>\n<div class=\"wrapper-outer\" style=\"text-align: justify;\">\n<div id=\"wrapper\" class=\"boxed\">\n<div class=\"inner-wrapper\">\n<div id=\"main-content\" class=\"container\">\n<div class=\"content\">\n<h4 class=\"name post-title entry-title\"><span style=\"color: #0000ff;\"><strong>Injusto bloqueo impuesto a Siria retrasa llegada de nuevos suministros de combustible, explica Ministerio de Petr\u00f3leo<\/strong><\/span><\/h4>\n<div class=\"wrapper-outer\">\n<div id=\"wrapper\" class=\"boxed\">\n<div class=\"inner-wrapper\">\n<div id=\"main-content\" class=\"container\">\n<div class=\"content\">\n<article id=\"the-post\" class=\"post-listing post-172152 post type-post status-publish format-standard has-post-thumbnail category-cinta-de-noticias category-locales category-ultimas-noticias\">\n<div class=\"post-inner\">\n<div class=\"entry\">\n<p>El Ministerio de Petr\u00f3leo procedi\u00f3 hace unos d\u00edas a reducir un15% los suministros de gasolina y un 20% las cantidades de gas\u00f3leo asignadas a las provincias sirias.<\/p>\n<p>En un comunicado emitido este martes, el Ministerio explic\u00f3 que esta decisi\u00f3n se debe al retraso en la llegada de los suministros de derivados del petr\u00f3leo contratados como consecuencia de las injustas medidas coercitivas impuestas por Estados Unidos contra nuestro pa\u00eds.<\/p>\n<p>Precis\u00f3 que esta medida es temporal y seguir\u00e1 vigente hasta la llegada de los nuevos suministros, agregando que la misma tiene como objetivo gestionar el combustible disponible de la mejor manera posible.<\/p>\n<div class=\"wrapper-outer\">\n<div id=\"wrapper\" class=\"boxed\">\n<div class=\"inner-wrapper\">\n<div id=\"main-content\" class=\"container\">\n<div class=\"content\">\n<h3 class=\"name post-title entry-title\"><strong><span style=\"color: #0000ff;\">450 m\u00e9dicos y especialistas de salud para monitorear trastornos entre estudiantes sirios<\/span><\/strong><\/h3>\n<div class=\"wrapper-outer\">\n<div id=\"wrapper\" class=\"boxed\">\n<div class=\"inner-wrapper\">\n<div id=\"main-content\" class=\"container\">\n<div class=\"content\">\n<article id=\"the-post\" class=\"post-listing post-172062 post type-post status-publish format-standard has-post-thumbnail category-cinta-de-noticias category-locales category-ultimas-noticias\">\n<div class=\"post-inner\">\n<div class=\"entry\">\n<p>El Ministerio de Educaci\u00f3n, en cooperaci\u00f3n con la Organizaci\u00f3n Mundial de la Salud (OMS), comenz\u00f3 a implementar el Programa de Acci\u00f3n para Superar las Brechas en Salud Mental (mhGAP, por sus siglas en ingl\u00e9s), que tiene como objetivo monitorear los trastornos mentales entre los escolares, tratar sus casos y brindarles apoyo psicol\u00f3gico y social.<\/p>\n<p>Seg\u00fan cifras de la OMS, la exposici\u00f3n de los pa\u00edses a las guerras contribuye a elevar la prevalencia de esos trastornos entre la poblaci\u00f3n del 5% al 13%.<\/p>\n<p>La directora de Salud Escolar del Ministerio, Hatoun Al-Tawashi, comunic\u00f3 a SANA que el mhGAP busca compensar la escasez de psiquiatras y aprovechar los potenciales de los m\u00e9dicos con otras especialidades, como pat\u00f3logos, pediatras, otorrinos y otros, y capacitarlos para que diagnostiquen los trastornos mentales.<\/p>\n<p>\u201cEl Programa abarca actualmente a un centenar de m\u00e9dicos y 350 asistentes de salud, en fin de promover la salud psicol\u00f3gica y mental de los estudiantes\u201d, detall\u00f3.<\/p>\n<p>Seg\u00fan el director del Programa de Salud Mental y Psicol\u00f3gica de OMS en Siria, Nabil Samrouji, los casos de trastornos mentales aumentan entre los ni\u00f1os y adolescentes refugiados y retornados a Siria, debido a la guerra.<\/p>\n<p>Afirm\u00f3 que el diagn\u00f3stico temprano de trastornos mentales y neurol\u00f3gicos ayuda a lograr mejores resultados de tratamiento, ya que las estad\u00edsticas globales revelan que el 20% de los ni\u00f1os y adolescentes en todo el mundo padecen enfermedades mentales, y que casi el 50% de estos tipos de trastornos comienzan entre los adultos antes de los 14 a\u00f1os.<\/p>\n<p>En 2008, la OMS lanz\u00f3 el programa mhGAP en pa\u00edses de ingresos medios y bajos al que el Ministerio de Educaci\u00f3n de Siria se uni\u00f3 en 2019, y fueron capacitados en aquel entonces 100 m\u00e9dicos de salud escolar.<\/p>\n<div class=\"wrapper-outer\">\n<div id=\"wrapper\" class=\"boxed\">\n<div class=\"inner-wrapper\">\n<div id=\"main-content\" class=\"container\">\n<div class=\"content\">\n<h1 class=\"name post-title entry-title\"><strong><span style=\"color: #0000ff;\">Concluy\u00f3 campeonato de fuerza f\u00edsica en provincia siria de Sweida (+fotos)<\/span><\/strong><\/h1>\n<div class=\"wrapper-outer\">\n<div id=\"wrapper\" class=\"boxed\">\n<div class=\"inner-wrapper\">\n<div id=\"main-content\" class=\"container\">\n<div class=\"content\">\n<article id=\"the-post\" class=\"post-listing post-172104 post type-post status-publish format-standard has-post-thumbnail category-cinta-de-noticias category-deportes category-ultimas-noticias\">\n<div class=\"post-inner\">\n<div class=\"entry\">\n<p>Concluyeron las competencias de fuerza f\u00edsica para hombres y mujeres j\u00f3venes y universitarios en la provincia sure\u00f1a de Sweida.<\/p>\n<p>El campeonato fue organizado bajo la supervisi\u00f3n del Comit\u00e9 Ejecutivo de la Federaci\u00f3n del Deporte y con la participaci\u00f3n de 37 atletas que representaron a siete clubes deportivos.<\/p>\n<p>En una declaraci\u00f3n a SANA, el jefe del Comit\u00e9 T\u00e9cnico de Fuerza F\u00edsica en Sweida, Iyad Kanaan, dijo que el torneo se llev\u00f3 a cabo en preparaci\u00f3n para el Campeonato de la Rep\u00fablica y hubo un buen nivel t\u00e9cnico.<\/p>\n<h1 class=\"name post-title entry-title\"><strong><span style=\"color: #0000ff;\">Jinete sirio se clasifica para el Campeonato Mundial de Salto Ecuestre<\/span><\/strong><\/h1>\n<p>El jinete sirio Ahmed Hamsho se clasific\u00f3 para la Copa del Mundo en Salto Ecuestre que se disputar\u00e1 a finales de este mes en Suecia, tras conseguir el tercer puesto en la clasificaci\u00f3n de la Liga \u00c1rabe.<\/p>\n<p>Hamsho de 28 a\u00f1os, se hab\u00eda clasificado a finales de 2019 para los Juegos Ol\u00edmpicos de Tokio, luego de que Siria encabezara el ranking general de los pa\u00edses del Grupo 7 dentro de los grupos de la Federaci\u00f3n Internacional del Juego.<\/p>\n<p>La Copa del Mundo de Salto de Equitaci\u00f3n se organiza cada a\u00f1o y los jinetes juegan varios partidos para acumular puntos que les permitan clasificar.<\/p>\n<p><strong><span style=\"color: #0000ff;\">Gobierno sube precio de compra del trigo de los agricultores a 900 libras sirias por kilogramo<\/span><\/strong><\/p>\n<p>El Consejo de Ministros decidi\u00f3 hoy subir el precio de compra de trigo a los agricultores para la temporada 2021 a 800 libras sirias por kilogramo y se le suma otras 100 libras por kilogramo como abondo para los campesinos que entreguen su trigo a los centros de la Empresa Estatal de Granos.<\/p>\n<p>La decisi\u00f3n tiene como objetivo la compra de la mayor cantidad posible de cosecha y ayudar a los agricultores a asegurar los requisitos de producci\u00f3n.<\/p>\n<p>El ministro de Agricultura y Reforma Agraria, Muhammad Hassan Qatana, declar\u00f3 a la prensa que el Gabinete aprob\u00f3 subir el precio de un kilogramo de trigo de 550 a 900 libras, y se tom\u00f3 en cuenta en esta decisi\u00f3n los costos reales en el mercado local.<\/p>\n<p>\u201cEl Banco Agr\u00edcola garantizar\u00e1 los fertilizantes necesarios para las \u00e1reas cultivadas de trigo\u201d, detall\u00f3.<\/p>\n<p>El titular revel\u00f3 que el gobierno elev\u00f3 tambi\u00e9n el precio de algod\u00f3n de 700 libras por kilogramo, precio establecido el a\u00f1o pasado, a 1500 libras para el a\u00f1o 2021, con la objetivo de apoyar a los agricultores a garantizar sus necesidades de producci\u00f3n.<\/p>\n<\/div>\n<\/div>\n<\/article>\n<\/div>\n<\/div>\n<\/div>\n<\/div>\n<\/div>\n<\/div>\n<\/div>\n<\/div>\n<\/div>\n<\/div>\n<\/div>\n<\/div>\n<\/article>\n<\/div>\n<\/div>\n<\/div>\n<\/div>\n<\/div>\n<\/div>\n<\/div>\n<\/div>\n<\/div>\n<\/div>\n<\/div>\n<\/div>\n<\/article>\n<\/div>\n<\/div>\n<\/div>\n<\/div>\n<\/div>\n<\/div>\n<\/div>\n<\/div>\n<\/div>\n<\/div>\n","protected":false},"excerpt":{"rendered":"<p>Damasco , SANA A continuaci\u00f3n un resumen de las noticias econ\u00f3micas m\u00e1s importantes de Siria difundidas por nuestra agencia durante la semana reci\u00e9n concluida. Compa\u00f1\u00eda sirio-iran\u00ed SIAMCO pondr\u00e1 en venta en el mercado sirio un nuevo veh\u00edculo a precio de costo El Director de la Empresa Estatal de Industrias Mec\u00e1nicas, Asaad Wardah, revel\u00f3 que la &hellip;<\/p>\n","protected":false},"author":35,"featured_media":0,"comment_status":"closed","ping_status":"closed","sticky":false,"template":"","format":"standard","meta":{"footnotes":""},"categories":[1],"tags":[],"class_list":["post-172524","post","type-post","status-publish","format-standard","","category-news-not-sorted"],"_links":{"self":[{"href":"https:\/\/archive.sana.sy\/es\/index.php?rest_route=\/wp\/v2\/posts\/172524"}],"collection":[{"href":"https:\/\/archive.sana.sy\/es\/index.php?rest_route=\/wp\/v2\/posts"}],"about":[{"href":"https:\/\/archive.sana.sy\/es\/index.php?rest_route=\/wp\/v2\/types\/post"}],"author":[{"embeddable":true,"href":"https:\/\/archive.sana.sy\/es\/index.php?rest_route=\/wp\/v2\/users\/35"}],"replies":[{"embeddable":true,"href":"https:\/\/archive.sana.sy\/es\/index.php?rest_route=%2Fwp%2Fv2%2Fcomments&post=172524"}],"version-history":[{"count":0,"href":"https:\/\/archive.sana.sy\/es\/index.php?rest_route=\/wp\/v2\/posts\/172524\/revisions"}],"wp:attachment":[{"href":"https:\/\/archive.sana.sy\/es\/index.php?rest_route=%2Fwp%2Fv2%2Fmedia&parent=172524"}],"wp:term":[{"taxonomy":"category","embeddable":true,"href":"https:\/\/archive.sana.sy\/es\/index.php?rest_route=%2Fwp%2Fv2%2Fcategories&post=172524"},{"taxonomy":"post_tag","embeddable":true,"href":"https:\/\/archive.sana.sy\/es\/index.php?rest_route=%2Fwp%2Fv2%2Ftags&post=172524"}],"curies":[{"name":"wp","href":"https:\/\/api.w.org\/{rel}","templated":true}]}}