{"id":172534,"date":"2021-03-13T13:56:30","date_gmt":"2021-03-13T11:56:30","guid":{"rendered":"http:\/\/107.6.182.27\/es\/?p=172534"},"modified":"2023-01-12T14:41:50","modified_gmt":"2023-01-12T12:41:50","slug":"atacan-con-explosivo-a-convoy-logistico-de-ee-uu-en-irak","status":"publish","type":"post","link":"https:\/\/archive.sana.sy\/es\/?p=172534","title":{"rendered":"Atacan con explosivo a convoy log\u00edstico de EE.UU en Irak"},"content":{"rendered":"<p style=\"text-align: justify;\"><span style=\"color: #800000;\"><strong>Bagdad, SANA<\/strong><\/span><\/p>\n<p style=\"text-align: justify;\">Un convoy de las fuerzas de la autodenominada \u201cCoalici\u00f3n\u201d guiada por EE.UU. ha sido objeto de un ataque con artefacto explosivo en la provincia de al-Diwaniyah, en sur de la capital iraqu\u00ed.<\/p>\n<p style=\"text-align: justify;\">Un fuente de seguridad iraqu\u00ed declar\u00f3 que un artefacto explosivo fue colocado en la carretera internacional en la provincia de Diwaniyah estall\u00f3 sin reportar da\u00f1os materiales o humanos .<\/p>\n<p style=\"text-align: justify;\">Una caravana perteneciente a la mencionada coalici\u00f3n tambi\u00e9n fue atacada con un artefacto explosivo en el este de Irak, seg\u00fan inform\u00f3 una fuente de seguridad el pasado jueves.<\/p>\n<p style=\"text-align: justify;\"><span style=\"color: #0000ff;\"><strong>ws\/fm<\/strong><\/span><\/p>\n","protected":false},"excerpt":{"rendered":"<p>Bagdad, SANA Un convoy de las fuerzas de la autodenominada \u201cCoalici\u00f3n\u201d guiada por EE.UU. ha sido objeto de un ataque con artefacto explosivo en la provincia de al-Diwaniyah, en sur de la capital iraqu\u00ed. Un fuente de seguridad iraqu\u00ed declar\u00f3 que un artefacto explosivo fue colocado en la carretera internacional en la provincia de Diwaniyah &hellip;<\/p>\n","protected":false},"author":35,"featured_media":172535,"comment_status":"closed","ping_status":"closed","sticky":false,"template":"","format":"standard","meta":{"footnotes":""},"categories":[597,456],"tags":[],"class_list":["post-172534","post","type-post","status-publish","format-standard","has-post-thumbnail","","category-cinta-de-noticias","category-arabe-internacional-politica"],"_links":{"self":[{"href":"https:\/\/archive.sana.sy\/es\/index.php?rest_route=\/wp\/v2\/posts\/172534"}],"collection":[{"href":"https:\/\/archive.sana.sy\/es\/index.php?rest_route=\/wp\/v2\/posts"}],"about":[{"href":"https:\/\/archive.sana.sy\/es\/index.php?rest_route=\/wp\/v2\/types\/post"}],"author":[{"embeddable":true,"href":"https:\/\/archive.sana.sy\/es\/index.php?rest_route=\/wp\/v2\/users\/35"}],"replies":[{"embeddable":true,"href":"https:\/\/archive.sana.sy\/es\/index.php?rest_route=%2Fwp%2Fv2%2Fcomments&post=172534"}],"version-history":[{"count":0,"href":"https:\/\/archive.sana.sy\/es\/index.php?rest_route=\/wp\/v2\/posts\/172534\/revisions"}],"wp:featuredmedia":[{"embeddable":true,"href":"https:\/\/archive.sana.sy\/es\/index.php?rest_route=\/wp\/v2\/media\/172535"}],"wp:attachment":[{"href":"https:\/\/archive.sana.sy\/es\/index.php?rest_route=%2Fwp%2Fv2%2Fmedia&parent=172534"}],"wp:term":[{"taxonomy":"category","embeddable":true,"href":"https:\/\/archive.sana.sy\/es\/index.php?rest_route=%2Fwp%2Fv2%2Fcategories&post=172534"},{"taxonomy":"post_tag","embeddable":true,"href":"https:\/\/archive.sana.sy\/es\/index.php?rest_route=%2Fwp%2Fv2%2Ftags&post=172534"}],"curies":[{"name":"wp","href":"https:\/\/api.w.org\/{rel}","templated":true}]}}