{"id":172581,"date":"2021-03-13T19:27:41","date_gmt":"2021-03-13T17:27:41","guid":{"rendered":"http:\/\/107.6.182.27\/es\/?p=172581"},"modified":"2021-03-13T20:43:58","modified_gmt":"2021-03-13T18:43:58","slug":"siria-participa-en-1a-conferencia-internacional-del-agua-en-bagdad","status":"publish","type":"post","link":"https:\/\/archive.sana.sy\/es\/?p=172581","title":{"rendered":"Siria participa en 1\u00aa Conferencia Internacional del Agua en Bagdad"},"content":{"rendered":"<p><span style=\"color: #800000;\">Bagdad, SANA<\/span><\/p>\n<p style=\"text-align: justify;\">La primera Conferencia Internacional del Agua comenz\u00f3 en la capital iraqu\u00ed, Bagdad, con la participaci\u00f3n de una delegaci\u00f3n siria encabezada por el Ministro de Recursos H\u00eddricos, Tammam Raad.<\/p>\n<p style=\"text-align: justify;\">Durante la apertura de la conferencia, el Ministro de Planificaci\u00f3n iraqu\u00ed, Khaled Batal Al-Najm, pronunci\u00f3 unas palabras en nombre del primer ministro iraqu\u00ed, Mustafa Al-Kazemi, en la que llam\u00f3 a trabajar para convertir los desaf\u00edos en oportunidades que contribuyan a conservar el agua en fin de garantizarlo para las futuras generaciones.<\/p>\n<p style=\"text-align: justify;\">Exigi\u00f3 trabajar para lograr justicia e igualdad en la distribuci\u00f3n del agua.<\/p>\n<p style=\"text-align: justify;\">En una declaraci\u00f3n al corresponsal de SANA en Bagdad, el ministro Raad expres\u00f3 su esperanza de que la visita de la delegaci\u00f3n siria a Bagdad y su participaci\u00f3n en el evento fuera un paso en el camino hacia el fortalecimiento de la cooperaci\u00f3n y la fraternidad entre los dos pa\u00edses.<\/p>\n<p style=\"text-align: justify;\">Detall\u00f3 que las dos partes discutir\u00e1n el expediente de agua de los r\u00edos Tigris y \u00c9ufrates, y expres\u00f3 su esperanza de lograr resultados positivos para los dos pa\u00edses.<\/p>\n<p style=\"text-align: justify;\">Aoun Diab, el asesor del Ministerio de Recursos H\u00eddricos de Iraq, indic\u00f3 que la conferencia discute un conjunto de estudios y experiencias globales con respecto a los recursos h\u00eddricos, con un enfoque en la cooperaci\u00f3n en el campo de los r\u00edos que comparte Iraq con los pa\u00edses vecinos.<\/p>\n<p style=\"text-align: justify;\">Por su parte, el portavoz del Ministerio de Recursos H\u00eddricos iraqu\u00ed, Ali Radi, se\u00f1al\u00f3 que la conferencia tiene como objetivo superar los desaf\u00edos que enfrenta la sostenibilidad del suministro de agua, y aprovechar las experiencias cient\u00edficas para desarrollar los recursos h\u00eddricos y la infraestructura que sufri\u00f3 da\u00f1os debido a la organizaci\u00f3n terrorista \u201cDaesh\u201d durante el \u00faltimo per\u00edodo.<\/p>\n<p><span style=\"color: #0000ff;\">rr\/fm<\/span><\/p>\n<p>&nbsp;<\/p>\n","protected":false},"excerpt":{"rendered":"<p>Bagdad, SANA La primera Conferencia Internacional del Agua comenz\u00f3 en la capital iraqu\u00ed, Bagdad, con la participaci\u00f3n de una delegaci\u00f3n siria encabezada por el Ministro de Recursos H\u00eddricos, Tammam Raad. Durante la apertura de la conferencia, el Ministro de Planificaci\u00f3n iraqu\u00ed, Khaled Batal Al-Najm, pronunci\u00f3 unas palabras en nombre del primer ministro iraqu\u00ed, Mustafa Al-Kazemi, &hellip;<\/p>\n","protected":false},"author":31,"featured_media":172588,"comment_status":"closed","ping_status":"closed","sticky":false,"template":"","format":"standard","meta":{"footnotes":""},"categories":[597,467,7541],"tags":[],"class_list":["post-172581","post","type-post","status-publish","format-standard","has-post-thumbnail","","category-cinta-de-noticias","category-siria-y-el-mundo","category-ultimas-noticias"],"_links":{"self":[{"href":"https:\/\/archive.sana.sy\/es\/index.php?rest_route=\/wp\/v2\/posts\/172581"}],"collection":[{"href":"https:\/\/archive.sana.sy\/es\/index.php?rest_route=\/wp\/v2\/posts"}],"about":[{"href":"https:\/\/archive.sana.sy\/es\/index.php?rest_route=\/wp\/v2\/types\/post"}],"author":[{"embeddable":true,"href":"https:\/\/archive.sana.sy\/es\/index.php?rest_route=\/wp\/v2\/users\/31"}],"replies":[{"embeddable":true,"href":"https:\/\/archive.sana.sy\/es\/index.php?rest_route=%2Fwp%2Fv2%2Fcomments&post=172581"}],"version-history":[{"count":0,"href":"https:\/\/archive.sana.sy\/es\/index.php?rest_route=\/wp\/v2\/posts\/172581\/revisions"}],"wp:featuredmedia":[{"embeddable":true,"href":"https:\/\/archive.sana.sy\/es\/index.php?rest_route=\/wp\/v2\/media\/172588"}],"wp:attachment":[{"href":"https:\/\/archive.sana.sy\/es\/index.php?rest_route=%2Fwp%2Fv2%2Fmedia&parent=172581"}],"wp:term":[{"taxonomy":"category","embeddable":true,"href":"https:\/\/archive.sana.sy\/es\/index.php?rest_route=%2Fwp%2Fv2%2Fcategories&post=172581"},{"taxonomy":"post_tag","embeddable":true,"href":"https:\/\/archive.sana.sy\/es\/index.php?rest_route=%2Fwp%2Fv2%2Ftags&post=172581"}],"curies":[{"name":"wp","href":"https:\/\/api.w.org\/{rel}","templated":true}]}}