{"id":172678,"date":"2021-03-14T16:37:02","date_gmt":"2021-03-14T14:37:02","guid":{"rendered":"http:\/\/107.6.182.27\/es\/?p=172678"},"modified":"2021-03-14T16:37:02","modified_gmt":"2021-03-14T14:37:02","slug":"siria-e-iraq-abordan-cooperacion-en-campos-de-irrigacion-y-recursos-hidricos","status":"publish","type":"post","link":"https:\/\/archive.sana.sy\/es\/?p=172678","title":{"rendered":"Siria e Iraq abordan cooperaci\u00f3n en campos de irrigaci\u00f3n y recursos h\u00eddricos"},"content":{"rendered":"<p style=\"text-align: justify;\"><span style=\"color: #800000;\"><strong>Bagdad, SANA<\/strong><\/span><\/p>\n<p style=\"text-align: justify;\">El Ministro de Recursos H\u00eddricos, Tamam Raad, abord\u00f3 con su hom\u00f3logo iraqu\u00ed, Mahdi Rashid Hamdani, en la capital Bagdad, las formas de cooperaci\u00f3n en el campo de recursos h\u00eddricos y riego.<\/p>\n<p style=\"text-align: justify;\">Una declaraci\u00f3n del Ministerio de Recursos H\u00eddricos iraqu\u00ed inform\u00f3 que &#8220;las dos partes trataron la realidad del agua en los dos pa\u00edses y el desarrollo de formas de cooperaci\u00f3n conjunta en el sector de recursos h\u00eddricos, adem\u00e1s de impulsar la cooperaci\u00f3n y coordinaci\u00f3n en el campo de estudios y planificaci\u00f3n\u201d.<\/p>\n<p style=\"text-align: justify;\">El titular iraqu\u00ed enfatiz\u00f3 que la cooperaci\u00f3n con la hermana Siria es continua y al m\u00e1s alto nivel&#8221;, y esper\u00f3 &#8220;intensificar las reuniones peri\u00f3dicamente e intercambiar datos e informaci\u00f3n sobre la situaci\u00f3n del r\u00edo \u00c9ufrates.\u201d<\/p>\n<p style=\"text-align: justify;\">A su vez, el ministro Raad expres\u00f3 &#8220;la plena disposici\u00f3n de Siria para desarrollar medios de cooperaci\u00f3n en el campo del riego de una manera que sirva a los intereses de ambos pa\u00edses&#8221;.<\/p>\n<p style=\"text-align: justify;\">Por otro lado, contin\u00faan sesiones de la primera Conferencia Internacional del Agua de Bagdad y abord\u00f3 en su segundo d\u00eda consecutivo, la planificaci\u00f3n estrat\u00e9gica, la gesti\u00f3n integral de los recursos h\u00eddricos, el agua y la seguridad alimentaria, adem\u00e1s de los desaf\u00edos del impacto clim\u00e1tico y la cooperaci\u00f3n regional e internacional para reducir la escasez de agua y el impacto de los actos terroristas en el sistema h\u00eddrico.<\/p>\n<p style=\"text-align: justify;\"><strong><span style=\"color: #0000ff;\">fm\/ed<\/span><\/strong><\/p>\n","protected":false},"excerpt":{"rendered":"<p>Bagdad, SANA El Ministro de Recursos H\u00eddricos, Tamam Raad, abord\u00f3 con su hom\u00f3logo iraqu\u00ed, Mahdi Rashid Hamdani, en la capital Bagdad, las formas de cooperaci\u00f3n en el campo de recursos h\u00eddricos y riego. Una declaraci\u00f3n del Ministerio de Recursos H\u00eddricos iraqu\u00ed inform\u00f3 que &#8220;las dos partes trataron la realidad del agua en los dos pa\u00edses &hellip;<\/p>\n","protected":false},"author":32,"featured_media":172679,"comment_status":"closed","ping_status":"closed","sticky":false,"template":"","format":"standard","meta":{"footnotes":""},"categories":[597,467,7541],"tags":[],"class_list":["post-172678","post","type-post","status-publish","format-standard","has-post-thumbnail","","category-cinta-de-noticias","category-siria-y-el-mundo","category-ultimas-noticias"],"_links":{"self":[{"href":"https:\/\/archive.sana.sy\/es\/index.php?rest_route=\/wp\/v2\/posts\/172678"}],"collection":[{"href":"https:\/\/archive.sana.sy\/es\/index.php?rest_route=\/wp\/v2\/posts"}],"about":[{"href":"https:\/\/archive.sana.sy\/es\/index.php?rest_route=\/wp\/v2\/types\/post"}],"author":[{"embeddable":true,"href":"https:\/\/archive.sana.sy\/es\/index.php?rest_route=\/wp\/v2\/users\/32"}],"replies":[{"embeddable":true,"href":"https:\/\/archive.sana.sy\/es\/index.php?rest_route=%2Fwp%2Fv2%2Fcomments&post=172678"}],"version-history":[{"count":0,"href":"https:\/\/archive.sana.sy\/es\/index.php?rest_route=\/wp\/v2\/posts\/172678\/revisions"}],"wp:featuredmedia":[{"embeddable":true,"href":"https:\/\/archive.sana.sy\/es\/index.php?rest_route=\/wp\/v2\/media\/172679"}],"wp:attachment":[{"href":"https:\/\/archive.sana.sy\/es\/index.php?rest_route=%2Fwp%2Fv2%2Fmedia&parent=172678"}],"wp:term":[{"taxonomy":"category","embeddable":true,"href":"https:\/\/archive.sana.sy\/es\/index.php?rest_route=%2Fwp%2Fv2%2Fcategories&post=172678"},{"taxonomy":"post_tag","embeddable":true,"href":"https:\/\/archive.sana.sy\/es\/index.php?rest_route=%2Fwp%2Fv2%2Ftags&post=172678"}],"curies":[{"name":"wp","href":"https:\/\/api.w.org\/{rel}","templated":true}]}}