{"id":172694,"date":"2021-03-14T18:55:07","date_gmt":"2021-03-14T16:55:07","guid":{"rendered":"http:\/\/107.6.182.27\/es\/?p=172694"},"modified":"2021-03-14T18:55:23","modified_gmt":"2021-03-14T16:55:23","slug":"ministro-sarah-la-guerra-se-ha-trasladado-a-las-redes-sociale","status":"publish","type":"post","link":"https:\/\/archive.sana.sy\/es\/?p=172694","title":{"rendered":"Ministro Sarah: La guerra se ha trasladado a las redes sociales"},"content":{"rendered":"<p style=\"text-align: justify;\"><strong><span style=\"color: #800000;\">Damasco, SANA<\/span><\/strong><\/p>\n<p style=\"text-align: justify;\">El Ministro de Informaci\u00f3n, Imad Sarah, afirm\u00f3 que el momento actual atestigua cambios a nivel tecnol\u00f3gico y cognitivo, y esto requiere refutar los rumores, exponer las noticias falsas y afrontar la continua guerra medi\u00e1tica contra Siria, que apunta a distorsionar los hechos y socavar el Estado sirio con todos sus componentes.<\/p>\n<p style=\"text-align: justify;\">La declaraci\u00f3n se produjo en el marco de mejorar el contenido digital frente a los medios enga\u00f1osos y capacitar a los periodistas para lidiar con la inyecci\u00f3n masiva de las falsas informaciones e inmunizarla del caos en las redes sociales.<\/p>\n<p style=\"text-align: justify;\">El titular fustig\u00f3 que la guerra se ha trasladado a las redes sociales porque est\u00e1 m\u00e1s extendida y es menos costosa, y la guerra que enfrenta Siria se convirti\u00f3 en una guerra militar adem\u00e1s del bloqueo y la guerra medi\u00e1tica, que es la peor forma de guerra.<\/p>\n<p style=\"text-align: justify;\">Pidi\u00f3 al personal de informaci\u00f3n a armarse con el conocimiento requerido y a presentar el contenido medi\u00e1tico adecuado para hacer frente a la guerra medi\u00e1tica, que hoy se aprovecha de la situaci\u00f3n econ\u00f3mica resultante de la guerra, el asedio, la denominada Ley C\u00e9sar y la propagaci\u00f3n de la pandemia del Coronavirus para difundir mensajes que debiliten la estructura de la familia y la sociedad en Siria.<\/p>\n<p><span style=\"color: #0000ff;\"><strong>sm\/rsh<\/strong><\/span><\/p>\n<div id='gallery-1' class='gallery galleryid-172694 gallery-columns-1 gallery-size-full'><figure class='gallery-item'>\n\t\t\t<div class='gallery-icon landscape'>\n\t\t\t\t<a href='https:\/\/archive.sana.sy\/es\/wp-content\/uploads\/2021\/03\/sarah-2.jpg'><img loading=\"lazy\" decoding=\"async\" width=\"768\" height=\"486\" src=\"https:\/\/archive.sana.sy\/es\/wp-content\/uploads\/2021\/03\/sarah-2.jpg\" class=\"attachment-full size-full\" alt=\"\" srcset=\"https:\/\/archive.sana.sy\/es\/wp-content\/uploads\/2021\/03\/sarah-2.jpg 768w, https:\/\/archive.sana.sy\/es\/wp-content\/uploads\/2021\/03\/sarah-2-300x190.jpg 300w, https:\/\/archive.sana.sy\/es\/wp-content\/uploads\/2021\/03\/sarah-2-150x95.jpg 150w\" sizes=\"(max-width: 768px) 100vw, 768px\" \/><\/a>\n\t\t\t<\/div><\/figure><figure class='gallery-item'>\n\t\t\t<div class='gallery-icon landscape'>\n\t\t\t\t<a href='https:\/\/archive.sana.sy\/es\/wp-content\/uploads\/2021\/03\/sarah-3.jpg'><img loading=\"lazy\" decoding=\"async\" width=\"768\" height=\"512\" src=\"https:\/\/archive.sana.sy\/es\/wp-content\/uploads\/2021\/03\/sarah-3.jpg\" class=\"attachment-full size-full\" alt=\"\" srcset=\"https:\/\/archive.sana.sy\/es\/wp-content\/uploads\/2021\/03\/sarah-3.jpg 768w, https:\/\/archive.sana.sy\/es\/wp-content\/uploads\/2021\/03\/sarah-3-300x200.jpg 300w, https:\/\/archive.sana.sy\/es\/wp-content\/uploads\/2021\/03\/sarah-3-150x100.jpg 150w\" sizes=\"(max-width: 768px) 100vw, 768px\" \/><\/a>\n\t\t\t<\/div><\/figure>\n\t\t<\/div>\n\n<p style=\"text-align: justify;\">\n","protected":false},"excerpt":{"rendered":"<p>Damasco, SANA El Ministro de Informaci\u00f3n, Imad Sarah, afirm\u00f3 que el momento actual atestigua cambios a nivel tecnol\u00f3gico y cognitivo, y esto requiere refutar los rumores, exponer las noticias falsas y afrontar la continua guerra medi\u00e1tica contra Siria, que apunta a distorsionar los hechos y socavar el Estado sirio con todos sus componentes. La declaraci\u00f3n &hellip;<\/p>\n","protected":false},"author":39,"featured_media":172695,"comment_status":"closed","ping_status":"closed","sticky":false,"template":"","format":"standard","meta":{"footnotes":""},"categories":[597,476,7541],"tags":[],"class_list":["post-172694","post","type-post","status-publish","format-standard","has-post-thumbnail","","category-cinta-de-noticias","category-locales","category-ultimas-noticias"],"_links":{"self":[{"href":"https:\/\/archive.sana.sy\/es\/index.php?rest_route=\/wp\/v2\/posts\/172694"}],"collection":[{"href":"https:\/\/archive.sana.sy\/es\/index.php?rest_route=\/wp\/v2\/posts"}],"about":[{"href":"https:\/\/archive.sana.sy\/es\/index.php?rest_route=\/wp\/v2\/types\/post"}],"author":[{"embeddable":true,"href":"https:\/\/archive.sana.sy\/es\/index.php?rest_route=\/wp\/v2\/users\/39"}],"replies":[{"embeddable":true,"href":"https:\/\/archive.sana.sy\/es\/index.php?rest_route=%2Fwp%2Fv2%2Fcomments&post=172694"}],"version-history":[{"count":0,"href":"https:\/\/archive.sana.sy\/es\/index.php?rest_route=\/wp\/v2\/posts\/172694\/revisions"}],"wp:featuredmedia":[{"embeddable":true,"href":"https:\/\/archive.sana.sy\/es\/index.php?rest_route=\/wp\/v2\/media\/172695"}],"wp:attachment":[{"href":"https:\/\/archive.sana.sy\/es\/index.php?rest_route=%2Fwp%2Fv2%2Fmedia&parent=172694"}],"wp:term":[{"taxonomy":"category","embeddable":true,"href":"https:\/\/archive.sana.sy\/es\/index.php?rest_route=%2Fwp%2Fv2%2Fcategories&post=172694"},{"taxonomy":"post_tag","embeddable":true,"href":"https:\/\/archive.sana.sy\/es\/index.php?rest_route=%2Fwp%2Fv2%2Ftags&post=172694"}],"curies":[{"name":"wp","href":"https:\/\/api.w.org\/{rel}","templated":true}]}}