{"id":172855,"date":"2021-03-15T18:49:12","date_gmt":"2021-03-15T16:49:12","guid":{"rendered":"http:\/\/107.6.182.27\/es\/?p=172855"},"modified":"2023-01-10T14:29:47","modified_gmt":"2023-01-10T12:29:47","slug":"siria-refuerza-sus-fuerzas-de-policia-con-nuevo-grupos-de-suboficiales-y-efectivos-de-la-academia-de-policia","status":"publish","type":"post","link":"https:\/\/archive.sana.sy\/es\/?p=172855","title":{"rendered":"Siria refuerza sus fuerzas de polic\u00eda con nuevo grupo de suboficiales y efectivos de la Academia de Polic\u00eda"},"content":{"rendered":"<p style=\"text-align: justify;\"><strong><span style=\"color: #800000;\">Damasco, SANA<\/span><\/strong><\/p>\n<p style=\"text-align: justify;\">El Ministerio del Interior gradu\u00f3 hoy un nuevo grupo de suboficiales y efectivos de la Academia de Polic\u00eda de Damasco, en implementaci\u00f3n de su plan para desarrollar las fuerzas de seguridad internas, mejorar sus capacidades y reforzarlas con j\u00f3venes calificados capaces de implementar los planes y programas del Ministerio.<\/p>\n<p style=\"text-align: justify;\">En un discurso durante el acto de graduaci\u00f3n, el ministro del Interior, el general de divisi\u00f3n Muhammad Al-Rahmoun, afirm\u00f3 que los sirios han demostrado con su firmeza que son inmunes a la sumisi\u00f3n sin importar cu\u00e1n severas sean las desgracias.<\/p>\n<p style=\"text-align: justify;\">Indic\u00f3 que el asfixiante asedio impuesto por los enemigos a Siria tiene como objetivo afectar las necesidades b\u00e1sicas del pueblo sirio para obstruir la soluci\u00f3n pol\u00edtica e infligir m\u00e1s da\u00f1o y destrucci\u00f3n en los cimientos de la patria.<\/p>\n<p style=\"text-align: justify;\">\u201cLas Fuerzas de Seguridad Interna ratifican el compromiso de lealtad al pueblo, la patria y al l\u00edder Bashar al-Assad y que seguir\u00e1n vigilando la seguridad del ciudadano\u201d, destac\u00f3.<\/p>\n<p style=\"text-align: justify;\">La ceremonia incluy\u00f3 desfiles militares para los graduados y varias actuaciones militares y deportivas.<\/p>\n<p><span style=\"color: #0000ff;\"><strong>fm<\/strong><\/span><\/p>\n<div id='gallery-1' class='gallery galleryid-172855 gallery-columns-1 gallery-size-full'><figure class='gallery-item'>\n\t\t\t<div class='gallery-icon landscape'>\n\t\t\t\t<a href='https:\/\/archive.sana.sy\/es\/wp-content\/uploads\/2021\/03\/6-135.jpg'><img loading=\"lazy\" decoding=\"async\" width=\"660\" height=\"442\" src=\"https:\/\/archive.sana.sy\/es\/wp-content\/uploads\/2021\/03\/6-135.jpg\" class=\"attachment-full size-full\" alt=\"\" srcset=\"https:\/\/archive.sana.sy\/es\/wp-content\/uploads\/2021\/03\/6-135.jpg 660w, https:\/\/archive.sana.sy\/es\/wp-content\/uploads\/2021\/03\/6-135-300x201.jpg 300w, https:\/\/archive.sana.sy\/es\/wp-content\/uploads\/2021\/03\/6-135-150x100.jpg 150w, https:\/\/archive.sana.sy\/es\/wp-content\/uploads\/2021\/03\/6-135-110x75.jpg 110w\" sizes=\"(max-width: 660px) 100vw, 660px\" \/><\/a>\n\t\t\t<\/div><\/figure><figure class='gallery-item'>\n\t\t\t<div class='gallery-icon landscape'>\n\t\t\t\t<a href='https:\/\/archive.sana.sy\/es\/wp-content\/uploads\/2021\/03\/8-114.jpg'><img loading=\"lazy\" decoding=\"async\" width=\"660\" height=\"442\" src=\"https:\/\/archive.sana.sy\/es\/wp-content\/uploads\/2021\/03\/8-114.jpg\" class=\"attachment-full size-full\" alt=\"\" srcset=\"https:\/\/archive.sana.sy\/es\/wp-content\/uploads\/2021\/03\/8-114.jpg 660w, https:\/\/archive.sana.sy\/es\/wp-content\/uploads\/2021\/03\/8-114-300x201.jpg 300w, https:\/\/archive.sana.sy\/es\/wp-content\/uploads\/2021\/03\/8-114-150x100.jpg 150w, https:\/\/archive.sana.sy\/es\/wp-content\/uploads\/2021\/03\/8-114-110x75.jpg 110w\" sizes=\"(max-width: 660px) 100vw, 660px\" \/><\/a>\n\t\t\t<\/div><\/figure><figure class='gallery-item'>\n\t\t\t<div class='gallery-icon landscape'>\n\t\t\t\t<a href='https:\/\/archive.sana.sy\/es\/wp-content\/uploads\/2021\/03\/3-188.jpg'><img loading=\"lazy\" decoding=\"async\" width=\"660\" height=\"409\" src=\"https:\/\/archive.sana.sy\/es\/wp-content\/uploads\/2021\/03\/3-188.jpg\" class=\"attachment-full size-full\" alt=\"\" srcset=\"https:\/\/archive.sana.sy\/es\/wp-content\/uploads\/2021\/03\/3-188.jpg 660w, https:\/\/archive.sana.sy\/es\/wp-content\/uploads\/2021\/03\/3-188-300x186.jpg 300w, https:\/\/archive.sana.sy\/es\/wp-content\/uploads\/2021\/03\/3-188-150x93.jpg 150w\" sizes=\"(max-width: 660px) 100vw, 660px\" \/><\/a>\n\t\t\t<\/div><\/figure><figure class='gallery-item'>\n\t\t\t<div class='gallery-icon landscape'>\n\t\t\t\t<a href='https:\/\/archive.sana.sy\/es\/wp-content\/uploads\/2021\/03\/4-170.jpg'><img loading=\"lazy\" decoding=\"async\" width=\"660\" height=\"413\" src=\"https:\/\/archive.sana.sy\/es\/wp-content\/uploads\/2021\/03\/4-170.jpg\" class=\"attachment-full size-full\" alt=\"\" srcset=\"https:\/\/archive.sana.sy\/es\/wp-content\/uploads\/2021\/03\/4-170.jpg 660w, https:\/\/archive.sana.sy\/es\/wp-content\/uploads\/2021\/03\/4-170-300x188.jpg 300w, https:\/\/archive.sana.sy\/es\/wp-content\/uploads\/2021\/03\/4-170-150x94.jpg 150w\" sizes=\"(max-width: 660px) 100vw, 660px\" \/><\/a>\n\t\t\t<\/div><\/figure><figure class='gallery-item'>\n\t\t\t<div class='gallery-icon landscape'>\n\t\t\t\t<a href='https:\/\/archive.sana.sy\/es\/wp-content\/uploads\/2021\/03\/5-153.jpg'><img loading=\"lazy\" decoding=\"async\" width=\"660\" height=\"442\" src=\"https:\/\/archive.sana.sy\/es\/wp-content\/uploads\/2021\/03\/5-153.jpg\" class=\"attachment-full size-full\" alt=\"\" srcset=\"https:\/\/archive.sana.sy\/es\/wp-content\/uploads\/2021\/03\/5-153.jpg 660w, https:\/\/archive.sana.sy\/es\/wp-content\/uploads\/2021\/03\/5-153-300x201.jpg 300w, https:\/\/archive.sana.sy\/es\/wp-content\/uploads\/2021\/03\/5-153-150x100.jpg 150w, https:\/\/archive.sana.sy\/es\/wp-content\/uploads\/2021\/03\/5-153-110x75.jpg 110w\" sizes=\"(max-width: 660px) 100vw, 660px\" \/><\/a>\n\t\t\t<\/div><\/figure>\n\t\t<\/div>\n\n<p>&nbsp;<\/p>\n","protected":false},"excerpt":{"rendered":"<p>Damasco, SANA El Ministerio del Interior gradu\u00f3 hoy un nuevo grupo de suboficiales y efectivos de la Academia de Polic\u00eda de Damasco, en implementaci\u00f3n de su plan para desarrollar las fuerzas de seguridad internas, mejorar sus capacidades y reforzarlas con j\u00f3venes calificados capaces de implementar los planes y programas del Ministerio. En un discurso durante &hellip;<\/p>\n","protected":false},"author":34,"featured_media":172856,"comment_status":"closed","ping_status":"closed","sticky":false,"template":"","format":"standard","meta":{"footnotes":""},"categories":[447,477,597,476,457,7541],"tags":[],"class_list":["post-172855","post","type-post","status-publish","format-standard","has-post-thumbnail","","category-local-politica","category-noticias-edulcorantes","category-cinta-de-noticias","category-locales","category-noticias-arabe-internacional-politica","category-ultimas-noticias"],"_links":{"self":[{"href":"https:\/\/archive.sana.sy\/es\/index.php?rest_route=\/wp\/v2\/posts\/172855"}],"collection":[{"href":"https:\/\/archive.sana.sy\/es\/index.php?rest_route=\/wp\/v2\/posts"}],"about":[{"href":"https:\/\/archive.sana.sy\/es\/index.php?rest_route=\/wp\/v2\/types\/post"}],"author":[{"embeddable":true,"href":"https:\/\/archive.sana.sy\/es\/index.php?rest_route=\/wp\/v2\/users\/34"}],"replies":[{"embeddable":true,"href":"https:\/\/archive.sana.sy\/es\/index.php?rest_route=%2Fwp%2Fv2%2Fcomments&post=172855"}],"version-history":[{"count":0,"href":"https:\/\/archive.sana.sy\/es\/index.php?rest_route=\/wp\/v2\/posts\/172855\/revisions"}],"wp:featuredmedia":[{"embeddable":true,"href":"https:\/\/archive.sana.sy\/es\/index.php?rest_route=\/wp\/v2\/media\/172856"}],"wp:attachment":[{"href":"https:\/\/archive.sana.sy\/es\/index.php?rest_route=%2Fwp%2Fv2%2Fmedia&parent=172855"}],"wp:term":[{"taxonomy":"category","embeddable":true,"href":"https:\/\/archive.sana.sy\/es\/index.php?rest_route=%2Fwp%2Fv2%2Fcategories&post=172855"},{"taxonomy":"post_tag","embeddable":true,"href":"https:\/\/archive.sana.sy\/es\/index.php?rest_route=%2Fwp%2Fv2%2Ftags&post=172855"}],"curies":[{"name":"wp","href":"https:\/\/api.w.org\/{rel}","templated":true}]}}