{"id":172887,"date":"2021-03-15T20:03:05","date_gmt":"2021-03-15T18:03:05","guid":{"rendered":"http:\/\/107.6.182.27\/es\/?p=172887"},"modified":"2023-01-10T14:29:46","modified_gmt":"2023-01-10T12:29:46","slug":"el-imam-jamenei-expresa-sus-deseos-de-pronta-recuperacion-al-presidente-al-assad","status":"publish","type":"post","link":"https:\/\/archive.sana.sy\/es\/?p=172887","title":{"rendered":"El Imam Jamenei expresa sus deseos de pronta recuperaci\u00f3n al presidente Al-Assad"},"content":{"rendered":"<p style=\"text-align: justify;\"><strong><span style=\"color: #800000;\">Teher\u00e1n, SANA<\/span><\/strong><\/p>\n<p style=\"text-align: justify;\">El l\u00edder de la Revoluci\u00f3n Isl\u00e1mica en Ir\u00e1n, Imam Sayed Ali Khamenei, expres\u00f3 sus deseos que el presidente Bashar Al-Assad se recupere r\u00e1pidamente de la Covid-19.<\/p>\n<p style=\"text-align: justify;\">Seg\u00fan difundi\u00f3 la agencia de noticias iran\u00ed IRNA, el asesor del L\u00edder de la Revoluci\u00f3n Isl\u00e1mica para Asuntos Internacionales, Ali Akbar Velayati, transmiti\u00f3 durante su reuni\u00f3n con el embajador sirio en Teher\u00e1n, Shafiq Dayoub, el mensaje de Jamenei sobre su deseo de pronta recuperaci\u00f3n al presidente al-Assad.<\/p>\n<p style=\"text-align: justify;\">&#8220;El presidente Al-Assad es un l\u00edder fuerte y valiente que jug\u00f3 un papel muy valioso e importante en la preservaci\u00f3n de la independencia de Siria al resistir todos ataques y complots durante los \u00faltimos a\u00f1os de la guerra desigual impuesta por criminales internacionales y regionales a Siria&#8221;, dijo Velayati.<\/p>\n<p style=\"text-align: justify;\">Agreg\u00f3 que &#8220;desde el punto de vista del l\u00edder de la Revoluci\u00f3n Isl\u00e1mica, el presidente Al-Assad es una personalidad destacada y uno de los grandes l\u00edderes dignos de elogio en su pa\u00eds, la regi\u00f3n y el frente de resistencia&#8221;.<\/p>\n<p style=\"text-align: justify;\">Asimismo, describi\u00f3 a Siria como uno de los pilares de la resistencia en la regi\u00f3n y enfatiz\u00f3 que la cooperaci\u00f3n entre los gobiernos y pueblos de los dos pa\u00edses alta y estrat\u00e9gica.<\/p>\n<p style=\"text-align: justify;\"><strong><span style=\"color: #0000ff;\">fm<\/span><\/strong><\/p>\n","protected":false},"excerpt":{"rendered":"<p>Teher\u00e1n, SANA El l\u00edder de la Revoluci\u00f3n Isl\u00e1mica en Ir\u00e1n, Imam Sayed Ali Khamenei, expres\u00f3 sus deseos que el presidente Bashar Al-Assad se recupere r\u00e1pidamente de la Covid-19. Seg\u00fan difundi\u00f3 la agencia de noticias iran\u00ed IRNA, el asesor del L\u00edder de la Revoluci\u00f3n Isl\u00e1mica para Asuntos Internacionales, Ali Akbar Velayati, transmiti\u00f3 durante su reuni\u00f3n con &hellip;<\/p>\n","protected":false},"author":34,"featured_media":172888,"comment_status":"closed","ping_status":"closed","sticky":false,"template":"","format":"standard","meta":{"footnotes":""},"categories":[447,477,597,476,467,7541],"tags":[],"class_list":["post-172887","post","type-post","status-publish","format-standard","has-post-thumbnail","","category-local-politica","category-noticias-edulcorantes","category-cinta-de-noticias","category-locales","category-siria-y-el-mundo","category-ultimas-noticias"],"_links":{"self":[{"href":"https:\/\/archive.sana.sy\/es\/index.php?rest_route=\/wp\/v2\/posts\/172887"}],"collection":[{"href":"https:\/\/archive.sana.sy\/es\/index.php?rest_route=\/wp\/v2\/posts"}],"about":[{"href":"https:\/\/archive.sana.sy\/es\/index.php?rest_route=\/wp\/v2\/types\/post"}],"author":[{"embeddable":true,"href":"https:\/\/archive.sana.sy\/es\/index.php?rest_route=\/wp\/v2\/users\/34"}],"replies":[{"embeddable":true,"href":"https:\/\/archive.sana.sy\/es\/index.php?rest_route=%2Fwp%2Fv2%2Fcomments&post=172887"}],"version-history":[{"count":0,"href":"https:\/\/archive.sana.sy\/es\/index.php?rest_route=\/wp\/v2\/posts\/172887\/revisions"}],"wp:featuredmedia":[{"embeddable":true,"href":"https:\/\/archive.sana.sy\/es\/index.php?rest_route=\/wp\/v2\/media\/172888"}],"wp:attachment":[{"href":"https:\/\/archive.sana.sy\/es\/index.php?rest_route=%2Fwp%2Fv2%2Fmedia&parent=172887"}],"wp:term":[{"taxonomy":"category","embeddable":true,"href":"https:\/\/archive.sana.sy\/es\/index.php?rest_route=%2Fwp%2Fv2%2Fcategories&post=172887"},{"taxonomy":"post_tag","embeddable":true,"href":"https:\/\/archive.sana.sy\/es\/index.php?rest_route=%2Fwp%2Fv2%2Ftags&post=172887"}],"curies":[{"name":"wp","href":"https:\/\/api.w.org\/{rel}","templated":true}]}}