{"id":172899,"date":"2021-03-15T19:18:48","date_gmt":"2021-03-15T17:18:48","guid":{"rendered":"http:\/\/107.6.182.27\/es\/?p=172899"},"modified":"2023-01-10T14:29:47","modified_gmt":"2023-01-10T12:29:47","slug":"la-arrogancia-occidental-y-el-terrorismo-sembrado-no-pudieron-con-la-voluntad-del-pueblo-sirio-afirma-arreaza","status":"publish","type":"post","link":"https:\/\/archive.sana.sy\/es\/?p=172899","title":{"rendered":"La arrogancia occidental y el terrorismo sembrado no pudieron con la voluntad del pueblo sirio, afirma Arreaza"},"content":{"rendered":"<p style=\"text-align: justify;\"><span style=\"color: #800000;\"><strong>Caracas, SANA<\/strong><\/span><\/p>\n<p style=\"text-align: justify;\">El ministro de Relaciones Exteriores de Venezuela, Jorge Arreaza, denunci\u00f3 hoy la escalada militar de Estados Unidos contra el pueblo sirio.<\/p>\n<p style=\"text-align: justify;\">En su cuenta en la red social Twitter, el canciller se\u00f1al\u00f3, \u201cel pueblo sirio ha prevalecido. La arrogancia occidental y el terrorismo sembrado, no pudieron con la voluntad y dignidad de un pueblo libre\u201d.<\/p>\n<p style=\"text-align: justify;\">Hace 10 a\u00f1os, comenz\u00f3 la agresi\u00f3n de Estados Unidos y sus aliados \u00a0en la regi\u00f3n contra Siria.<\/p>\n<p style=\"text-align: justify;\"><span style=\"color: #0000ff;\"><strong>fm<\/strong><\/span><\/p>\n","protected":false},"excerpt":{"rendered":"<p>Caracas, SANA El ministro de Relaciones Exteriores de Venezuela, Jorge Arreaza, denunci\u00f3 hoy la escalada militar de Estados Unidos contra el pueblo sirio. En su cuenta en la red social Twitter, el canciller se\u00f1al\u00f3, \u201cel pueblo sirio ha prevalecido. La arrogancia occidental y el terrorismo sembrado, no pudieron con la voluntad y dignidad de un &hellip;<\/p>\n","protected":false},"author":34,"featured_media":172900,"comment_status":"closed","ping_status":"closed","sticky":false,"template":"","format":"standard","meta":{"footnotes":""},"categories":[477,447,597,476,457,467,7541],"tags":[],"class_list":["post-172899","post","type-post","status-publish","format-standard","has-post-thumbnail","","category-noticias-edulcorantes","category-local-politica","category-cinta-de-noticias","category-locales","category-noticias-arabe-internacional-politica","category-siria-y-el-mundo","category-ultimas-noticias"],"_links":{"self":[{"href":"https:\/\/archive.sana.sy\/es\/index.php?rest_route=\/wp\/v2\/posts\/172899"}],"collection":[{"href":"https:\/\/archive.sana.sy\/es\/index.php?rest_route=\/wp\/v2\/posts"}],"about":[{"href":"https:\/\/archive.sana.sy\/es\/index.php?rest_route=\/wp\/v2\/types\/post"}],"author":[{"embeddable":true,"href":"https:\/\/archive.sana.sy\/es\/index.php?rest_route=\/wp\/v2\/users\/34"}],"replies":[{"embeddable":true,"href":"https:\/\/archive.sana.sy\/es\/index.php?rest_route=%2Fwp%2Fv2%2Fcomments&post=172899"}],"version-history":[{"count":0,"href":"https:\/\/archive.sana.sy\/es\/index.php?rest_route=\/wp\/v2\/posts\/172899\/revisions"}],"wp:featuredmedia":[{"embeddable":true,"href":"https:\/\/archive.sana.sy\/es\/index.php?rest_route=\/wp\/v2\/media\/172900"}],"wp:attachment":[{"href":"https:\/\/archive.sana.sy\/es\/index.php?rest_route=%2Fwp%2Fv2%2Fmedia&parent=172899"}],"wp:term":[{"taxonomy":"category","embeddable":true,"href":"https:\/\/archive.sana.sy\/es\/index.php?rest_route=%2Fwp%2Fv2%2Fcategories&post=172899"},{"taxonomy":"post_tag","embeddable":true,"href":"https:\/\/archive.sana.sy\/es\/index.php?rest_route=%2Fwp%2Fv2%2Ftags&post=172899"}],"curies":[{"name":"wp","href":"https:\/\/api.w.org\/{rel}","templated":true}]}}