{"id":172946,"date":"2021-03-16T13:57:37","date_gmt":"2021-03-16T11:57:37","guid":{"rendered":"http:\/\/107.6.182.27\/es\/?p=172946"},"modified":"2021-03-16T15:36:42","modified_gmt":"2021-03-16T13:36:42","slug":"decreto-presidencial-aumenta-pagos-a-educadores-por-horas-lectivas","status":"publish","type":"post","link":"https:\/\/archive.sana.sy\/es\/?p=172946","title":{"rendered":"Decreto presidencial aumenta pagos a educadores por horas lectivas"},"content":{"rendered":"<p style=\"text-align: justify;\"><span style=\"color: #800000;\"><strong>Damasco, SANA<\/strong><\/span><\/p>\n<p style=\"text-align: justify;\">El presidente Bashar Al-Assad, emiti\u00f3 el Decreto No. \/88\/ para el a\u00f1o 2021 que aumenta los pagos por horas lectivas para los educadores.<\/p>\n<p style=\"text-align: justify;\">El decreto abarca los educadores que dan clases en las escuelas de Ense\u00f1anza B\u00e1sica y Secundaria, y en todas las escuelas y centros de formaci\u00f3n profesional subordinados a instituciones estales.<\/p>\n<p style=\"text-align: justify;\"><strong><span style=\"color: #0000ff;\">fm\/ed<\/span><\/strong><\/p>\n","protected":false},"excerpt":{"rendered":"<p>Damasco, SANA El presidente Bashar Al-Assad, emiti\u00f3 el Decreto No. \/88\/ para el a\u00f1o 2021 que aumenta los pagos por horas lectivas para los educadores. El decreto abarca los educadores que dan clases en las escuelas de Ense\u00f1anza B\u00e1sica y Secundaria, y en todas las escuelas y centros de formaci\u00f3n profesional subordinados a instituciones estales. &hellip;<\/p>\n","protected":false},"author":32,"featured_media":172953,"comment_status":"closed","ping_status":"closed","sticky":false,"template":"","format":"standard","meta":{"footnotes":""},"categories":[597,16237,583],"tags":[],"class_list":["post-172946","post","type-post","status-publish","format-standard","has-post-thumbnail","","category-cinta-de-noticias","category-presidence-de-la-republique-arabe-syria","category-slide"],"_links":{"self":[{"href":"https:\/\/archive.sana.sy\/es\/index.php?rest_route=\/wp\/v2\/posts\/172946"}],"collection":[{"href":"https:\/\/archive.sana.sy\/es\/index.php?rest_route=\/wp\/v2\/posts"}],"about":[{"href":"https:\/\/archive.sana.sy\/es\/index.php?rest_route=\/wp\/v2\/types\/post"}],"author":[{"embeddable":true,"href":"https:\/\/archive.sana.sy\/es\/index.php?rest_route=\/wp\/v2\/users\/32"}],"replies":[{"embeddable":true,"href":"https:\/\/archive.sana.sy\/es\/index.php?rest_route=%2Fwp%2Fv2%2Fcomments&post=172946"}],"version-history":[{"count":0,"href":"https:\/\/archive.sana.sy\/es\/index.php?rest_route=\/wp\/v2\/posts\/172946\/revisions"}],"wp:featuredmedia":[{"embeddable":true,"href":"https:\/\/archive.sana.sy\/es\/index.php?rest_route=\/wp\/v2\/media\/172953"}],"wp:attachment":[{"href":"https:\/\/archive.sana.sy\/es\/index.php?rest_route=%2Fwp%2Fv2%2Fmedia&parent=172946"}],"wp:term":[{"taxonomy":"category","embeddable":true,"href":"https:\/\/archive.sana.sy\/es\/index.php?rest_route=%2Fwp%2Fv2%2Fcategories&post=172946"},{"taxonomy":"post_tag","embeddable":true,"href":"https:\/\/archive.sana.sy\/es\/index.php?rest_route=%2Fwp%2Fv2%2Ftags&post=172946"}],"curies":[{"name":"wp","href":"https:\/\/api.w.org\/{rel}","templated":true}]}}