{"id":173321,"date":"2021-03-19T14:39:40","date_gmt":"2021-03-19T12:39:40","guid":{"rendered":"http:\/\/107.6.182.27\/es\/?p=173321"},"modified":"2023-01-12T14:41:48","modified_gmt":"2023-01-12T12:41:48","slug":"condenan-a-siete-anos-de-carcel-a-un-terrorista-checheno-por-luchar-con-daesh-en-siria","status":"publish","type":"post","link":"https:\/\/archive.sana.sy\/es\/?p=173321","title":{"rendered":"Condenan a siete a\u00f1os de c\u00e1rcel a un terrorista checheno por luchar con Daesh en Siria"},"content":{"rendered":"<p><span style=\"color: #800000;\">Mosc\u00fa, SANA<\/span><\/p>\n<p style=\"text-align: justify;\">Un tribunal de la Rep\u00fablica Rusa de Chechenia ha ratificado la condena de siete a\u00f1os de prisi\u00f3n a yihadista checheno por viajar a Siria en 2013 para combatir con la organizaci\u00f3n terrorista Daesh.<\/p>\n<p style=\"text-align: justify;\">De esta forma declara probado que, Ramzan Akhyatov, viaj\u00f3 a Siria en 2013, v\u00eda Turqu\u00eda, y lleg\u00f3 a la localidad de Atmeh en la gobernaci\u00f3n de Idlib con el fin de combatir en las filas de la organizaci\u00f3n terrorista Daesh.<\/p>\n<p style=\"text-align: justify;\">Asimismo, se ha probado el intento de Akhyatov en 2015 junto uno de sus conocidos en Turqu\u00eda para crear una c\u00e9lula terrorista vinculada al Daesh en Chechenia.<\/p>\n<p><em>mm<\/em><\/p>\n","protected":false},"excerpt":{"rendered":"<p>Mosc\u00fa, SANA Un tribunal de la Rep\u00fablica Rusa de Chechenia ha ratificado la condena de siete a\u00f1os de prisi\u00f3n a yihadista checheno por viajar a Siria en 2013 para combatir con la organizaci\u00f3n terrorista Daesh. De esta forma declara probado que, Ramzan Akhyatov, viaj\u00f3 a Siria en 2013, v\u00eda Turqu\u00eda, y lleg\u00f3 a la localidad &hellip;<\/p>\n","protected":false},"author":36,"featured_media":173322,"comment_status":"closed","ping_status":"closed","sticky":false,"template":"","format":"standard","meta":{"footnotes":""},"categories":[597,456,457],"tags":[],"class_list":["post-173321","post","type-post","status-publish","format-standard","has-post-thumbnail","","category-cinta-de-noticias","category-arabe-internacional-politica","category-noticias-arabe-internacional-politica"],"_links":{"self":[{"href":"https:\/\/archive.sana.sy\/es\/index.php?rest_route=\/wp\/v2\/posts\/173321"}],"collection":[{"href":"https:\/\/archive.sana.sy\/es\/index.php?rest_route=\/wp\/v2\/posts"}],"about":[{"href":"https:\/\/archive.sana.sy\/es\/index.php?rest_route=\/wp\/v2\/types\/post"}],"author":[{"embeddable":true,"href":"https:\/\/archive.sana.sy\/es\/index.php?rest_route=\/wp\/v2\/users\/36"}],"replies":[{"embeddable":true,"href":"https:\/\/archive.sana.sy\/es\/index.php?rest_route=%2Fwp%2Fv2%2Fcomments&post=173321"}],"version-history":[{"count":0,"href":"https:\/\/archive.sana.sy\/es\/index.php?rest_route=\/wp\/v2\/posts\/173321\/revisions"}],"wp:featuredmedia":[{"embeddable":true,"href":"https:\/\/archive.sana.sy\/es\/index.php?rest_route=\/wp\/v2\/media\/173322"}],"wp:attachment":[{"href":"https:\/\/archive.sana.sy\/es\/index.php?rest_route=%2Fwp%2Fv2%2Fmedia&parent=173321"}],"wp:term":[{"taxonomy":"category","embeddable":true,"href":"https:\/\/archive.sana.sy\/es\/index.php?rest_route=%2Fwp%2Fv2%2Fcategories&post=173321"},{"taxonomy":"post_tag","embeddable":true,"href":"https:\/\/archive.sana.sy\/es\/index.php?rest_route=%2Fwp%2Fv2%2Ftags&post=173321"}],"curies":[{"name":"wp","href":"https:\/\/api.w.org\/{rel}","templated":true}]}}