{"id":173324,"date":"2021-03-19T15:10:26","date_gmt":"2021-03-19T13:10:26","guid":{"rendered":"http:\/\/107.6.182.27\/es\/?p=173324"},"modified":"2023-01-12T14:41:48","modified_gmt":"2023-01-12T12:41:48","slug":"fuerzas-israelies-matan-a-un-palestino-en-cisjordania","status":"publish","type":"post","link":"https:\/\/archive.sana.sy\/es\/?p=173324","title":{"rendered":"Fuerzas israel\u00edes matan a un palestino en Cisjordania"},"content":{"rendered":"<p>Jerusal\u00e9n ocupada, SANA<\/p>\n<p style=\"text-align: justify;\">Fuerzas israel\u00edes de ocupaci\u00f3n asesinaron a tiros este viernes a un palestino durante la represi\u00f3n israel\u00ed de la manifestaci\u00f3n semanal organizada contra los asentamientos en Cisjordania.<\/p>\n<p style=\"text-align: justify;\">Atef Youssef Hanaysheh, de 45 a\u00f1os, fue asesinado por fuerzas israel\u00edes en la aldea de Beit Dajan, al este de Nablus en Cisjordania, durante su participaci\u00f3n en la manifestaci\u00f3n, inform\u00f3 la agencia palestina de prensa WAFA.<\/p>\n<p style=\"text-align: justify;\">Es de destacar que el pueblo de Beit Dajan es testigo de continuas manifestaciones contra la ocupaci\u00f3n, que se han convertido en parte de la vida comedian de sus aldeanos en contra del muro del apartheid y la construcci\u00f3n de asentamientos en sus tierras.<\/p>\n<p><em>mm<\/em><\/p>\n","protected":false},"excerpt":{"rendered":"<p>Jerusal\u00e9n ocupada, SANA Fuerzas israel\u00edes de ocupaci\u00f3n asesinaron a tiros este viernes a un palestino durante la represi\u00f3n israel\u00ed de la manifestaci\u00f3n semanal organizada contra los asentamientos en Cisjordania. Atef Youssef Hanaysheh, de 45 a\u00f1os, fue asesinado por fuerzas israel\u00edes en la aldea de Beit Dajan, al este de Nablus en Cisjordania, durante su participaci\u00f3n &hellip;<\/p>\n","protected":false},"author":36,"featured_media":173325,"comment_status":"closed","ping_status":"closed","sticky":false,"template":"","format":"standard","meta":{"footnotes":""},"categories":[597,456,457],"tags":[],"class_list":["post-173324","post","type-post","status-publish","format-standard","has-post-thumbnail","","category-cinta-de-noticias","category-arabe-internacional-politica","category-noticias-arabe-internacional-politica"],"_links":{"self":[{"href":"https:\/\/archive.sana.sy\/es\/index.php?rest_route=\/wp\/v2\/posts\/173324"}],"collection":[{"href":"https:\/\/archive.sana.sy\/es\/index.php?rest_route=\/wp\/v2\/posts"}],"about":[{"href":"https:\/\/archive.sana.sy\/es\/index.php?rest_route=\/wp\/v2\/types\/post"}],"author":[{"embeddable":true,"href":"https:\/\/archive.sana.sy\/es\/index.php?rest_route=\/wp\/v2\/users\/36"}],"replies":[{"embeddable":true,"href":"https:\/\/archive.sana.sy\/es\/index.php?rest_route=%2Fwp%2Fv2%2Fcomments&post=173324"}],"version-history":[{"count":0,"href":"https:\/\/archive.sana.sy\/es\/index.php?rest_route=\/wp\/v2\/posts\/173324\/revisions"}],"wp:featuredmedia":[{"embeddable":true,"href":"https:\/\/archive.sana.sy\/es\/index.php?rest_route=\/wp\/v2\/media\/173325"}],"wp:attachment":[{"href":"https:\/\/archive.sana.sy\/es\/index.php?rest_route=%2Fwp%2Fv2%2Fmedia&parent=173324"}],"wp:term":[{"taxonomy":"category","embeddable":true,"href":"https:\/\/archive.sana.sy\/es\/index.php?rest_route=%2Fwp%2Fv2%2Fcategories&post=173324"},{"taxonomy":"post_tag","embeddable":true,"href":"https:\/\/archive.sana.sy\/es\/index.php?rest_route=%2Fwp%2Fv2%2Ftags&post=173324"}],"curies":[{"name":"wp","href":"https:\/\/api.w.org\/{rel}","templated":true}]}}