{"id":173330,"date":"2021-03-19T15:42:32","date_gmt":"2021-03-19T13:42:32","guid":{"rendered":"http:\/\/107.6.182.27\/es\/?p=173330"},"modified":"2021-03-19T20:42:19","modified_gmt":"2021-03-19T18:42:19","slug":"por-dia-del-maestro-educacion-honra-a-56-de-los-maestros","status":"publish","type":"post","link":"https:\/\/archive.sana.sy\/es\/?p=173330","title":{"rendered":"Homenajean a 56 educadores por el D\u00eda del Maestro (+fotos)"},"content":{"rendered":"<p style=\"text-align: justify;\"><strong><span style=\"color: #800000;\">Damasco, SANA<\/span><\/strong><\/p>\n<p>Con motivo del D\u00eda del Maestro, el Ministerio de Educaci\u00f3n homenaje\u00f3 a 56 educadores veteranos de todo el pa\u00eds, en reconocimiento por sus esfuerzos.<\/p>\n<p style=\"text-align: justify;\">\n<p><img loading=\"lazy\" decoding=\"async\" class=\"size-full wp-image-173350 aligncenter\" src=\"http:\/\/107.6.182.27\/es\/wp-content\/uploads\/2021\/03\/ed-1.gif\" alt=\"\" width=\"300\" height=\"168\" \/><\/p>\n<p style=\"text-align: justify;\">En su discurso durante la ceremonia efectuada en la Casa de Cultura y Artes en Damasco, el Ministro de Educaci\u00f3n, Darem Tabaa, consider\u00f3 que el maestro es una antorcha que dedica su vida para iluminar el camino ante las nuevas generaciones.<\/p>\n<p style=\"text-align: justify;\">En el transcurro del acto de homenaje se realizaron bailes folcl\u00f3ricos de varias provincias sirias, se proyect\u00f3 un cortometraje sobre los homenajeados y recitales de m\u00fasica patri\u00f3tica.<\/p>\n<p style=\"text-align: justify;\">Varios homenajeados expresaron su felicidad por este honor y agradecieron el reconocimiento del Ministerio por sus esfuerzos.<\/p>\n<div id='gallery-1' class='gallery galleryid-173330 gallery-columns-1 gallery-size-full'><figure class='gallery-item'>\n\t\t\t<div class='gallery-icon landscape'>\n\t\t\t\t<a href='https:\/\/archive.sana.sy\/es\/?attachment_id=173355'><img loading=\"lazy\" decoding=\"async\" width=\"660\" height=\"330\" src=\"https:\/\/archive.sana.sy\/es\/wp-content\/uploads\/2021\/03\/maestro-po-2.gif\" class=\"attachment-full size-full\" alt=\"\" \/><\/a>\n\t\t\t<\/div><\/figure><figure class='gallery-item'>\n\t\t\t<div class='gallery-icon landscape'>\n\t\t\t\t<a href='https:\/\/archive.sana.sy\/es\/?attachment_id=173356'><img loading=\"lazy\" decoding=\"async\" width=\"660\" height=\"370\" src=\"https:\/\/archive.sana.sy\/es\/wp-content\/uploads\/2021\/03\/6-1-3.gif\" class=\"attachment-full size-full\" alt=\"\" \/><\/a>\n\t\t\t<\/div><\/figure><figure class='gallery-item'>\n\t\t\t<div class='gallery-icon landscape'>\n\t\t\t\t<a href='https:\/\/archive.sana.sy\/es\/?attachment_id=173357'><img loading=\"lazy\" decoding=\"async\" width=\"660\" height=\"370\" src=\"https:\/\/archive.sana.sy\/es\/wp-content\/uploads\/2021\/03\/78-3.gif\" class=\"attachment-full size-full\" alt=\"\" \/><\/a>\n\t\t\t<\/div><\/figure><figure class='gallery-item'>\n\t\t\t<div class='gallery-icon landscape'>\n\t\t\t\t<a href='https:\/\/archive.sana.sy\/es\/?attachment_id=173358'><img loading=\"lazy\" decoding=\"async\" width=\"660\" height=\"370\" src=\"https:\/\/archive.sana.sy\/es\/wp-content\/uploads\/2021\/03\/88-2.gif\" class=\"attachment-full size-full\" alt=\"\" \/><\/a>\n\t\t\t<\/div><\/figure><figure class='gallery-item'>\n\t\t\t<div class='gallery-icon landscape'>\n\t\t\t\t<a href='https:\/\/archive.sana.sy\/es\/?attachment_id=173348'><img loading=\"lazy\" decoding=\"async\" width=\"660\" height=\"370\" src=\"https:\/\/archive.sana.sy\/es\/wp-content\/uploads\/2021\/03\/ed1.gif\" class=\"attachment-full size-full\" alt=\"\" \/><\/a>\n\t\t\t<\/div><\/figure>\n\t\t<\/div>\n\n<p style=\"text-align: justify;\"><span style=\"color: #0000ff;\">sm\/mm\/fm<\/span><\/p>\n","protected":false},"excerpt":{"rendered":"<p>Damasco, SANA Con motivo del D\u00eda del Maestro, el Ministerio de Educaci\u00f3n homenaje\u00f3 a 56 educadores veteranos de todo el pa\u00eds, en reconocimiento por sus esfuerzos. En su discurso durante la ceremonia efectuada en la Casa de Cultura y Artes en Damasco, el Ministro de Educaci\u00f3n, Darem Tabaa, consider\u00f3 que el maestro es una antorcha &hellip;<\/p>\n","protected":false},"author":39,"featured_media":173349,"comment_status":"closed","ping_status":"closed","sticky":false,"template":"","format":"standard","meta":{"footnotes":""},"categories":[597,476,7541],"tags":[],"class_list":["post-173330","post","type-post","status-publish","format-standard","has-post-thumbnail","","category-cinta-de-noticias","category-locales","category-ultimas-noticias"],"_links":{"self":[{"href":"https:\/\/archive.sana.sy\/es\/index.php?rest_route=\/wp\/v2\/posts\/173330"}],"collection":[{"href":"https:\/\/archive.sana.sy\/es\/index.php?rest_route=\/wp\/v2\/posts"}],"about":[{"href":"https:\/\/archive.sana.sy\/es\/index.php?rest_route=\/wp\/v2\/types\/post"}],"author":[{"embeddable":true,"href":"https:\/\/archive.sana.sy\/es\/index.php?rest_route=\/wp\/v2\/users\/39"}],"replies":[{"embeddable":true,"href":"https:\/\/archive.sana.sy\/es\/index.php?rest_route=%2Fwp%2Fv2%2Fcomments&post=173330"}],"version-history":[{"count":0,"href":"https:\/\/archive.sana.sy\/es\/index.php?rest_route=\/wp\/v2\/posts\/173330\/revisions"}],"wp:featuredmedia":[{"embeddable":true,"href":"https:\/\/archive.sana.sy\/es\/index.php?rest_route=\/wp\/v2\/media\/173349"}],"wp:attachment":[{"href":"https:\/\/archive.sana.sy\/es\/index.php?rest_route=%2Fwp%2Fv2%2Fmedia&parent=173330"}],"wp:term":[{"taxonomy":"category","embeddable":true,"href":"https:\/\/archive.sana.sy\/es\/index.php?rest_route=%2Fwp%2Fv2%2Fcategories&post=173330"},{"taxonomy":"post_tag","embeddable":true,"href":"https:\/\/archive.sana.sy\/es\/index.php?rest_route=%2Fwp%2Fv2%2Ftags&post=173330"}],"curies":[{"name":"wp","href":"https:\/\/api.w.org\/{rel}","templated":true}]}}