{"id":173361,"date":"2021-03-19T16:48:39","date_gmt":"2021-03-19T14:48:39","guid":{"rendered":"http:\/\/107.6.182.27\/es\/?p=173361"},"modified":"2021-03-19T20:07:55","modified_gmt":"2021-03-19T18:07:55","slug":"17-camiones-del-ocupante-estadounidense-saquean-nuevos-lotes-de-trigo-del-noreste-sirio","status":"publish","type":"post","link":"https:\/\/archive.sana.sy\/es\/?p=173361","title":{"rendered":"El ocupante estadounidense contin\u00faa su saqueo al trigo de Siria"},"content":{"rendered":"<p><span style=\"color: #800000;\">Hasakeh, SANA<\/span><\/p>\n<p style=\"text-align: justify;\">Las tropas de ocupaci\u00f3n estadounidenses trasladaron hacia el norte de Iraq a una nueva caravana de camiones cargados de trigo sirio robado.<\/p>\n<p style=\"text-align: justify;\">Un convoy de 17 veh\u00edculos con trigo sali\u00f3 desde los silos Tobiyah en la zona de Remelan , al este de la provincia siria de Hasakeh, e ingres\u00f3 al territorio iraqu\u00ed bajo protecci\u00f3n del ocupante estadounidense y su milicia llamada Fuerzas Democr\u00e1ticas Sirias (FDS), informaron activistas citados por la agencia oficial SANA.<\/p>\n<p style=\"text-align: justify;\">El pasado martes, una semejante columna de 16 camiones fue sacada por las tropas de ocupaci\u00f3n estadounidenses de Siria hacia el norte de Irak.<\/p>\n<p><em>mm\/fm<\/em><\/p>\n","protected":false},"excerpt":{"rendered":"<p>Hasakeh, SANA Las tropas de ocupaci\u00f3n estadounidenses trasladaron hacia el norte de Iraq a una nueva caravana de camiones cargados de trigo sirio robado. Un convoy de 17 veh\u00edculos con trigo sali\u00f3 desde los silos Tobiyah en la zona de Remelan , al este de la provincia siria de Hasakeh, e ingres\u00f3 al territorio iraqu\u00ed &hellip;<\/p>\n","protected":false},"author":36,"featured_media":173362,"comment_status":"closed","ping_status":"closed","sticky":false,"template":"","format":"standard","meta":{"footnotes":""},"categories":[597,573,7541],"tags":[],"class_list":["post-173361","post","type-post","status-publish","format-standard","has-post-thumbnail","","category-cinta-de-noticias","category-la-realidad-de-los-acontecimientos-en-siria","category-ultimas-noticias"],"_links":{"self":[{"href":"https:\/\/archive.sana.sy\/es\/index.php?rest_route=\/wp\/v2\/posts\/173361"}],"collection":[{"href":"https:\/\/archive.sana.sy\/es\/index.php?rest_route=\/wp\/v2\/posts"}],"about":[{"href":"https:\/\/archive.sana.sy\/es\/index.php?rest_route=\/wp\/v2\/types\/post"}],"author":[{"embeddable":true,"href":"https:\/\/archive.sana.sy\/es\/index.php?rest_route=\/wp\/v2\/users\/36"}],"replies":[{"embeddable":true,"href":"https:\/\/archive.sana.sy\/es\/index.php?rest_route=%2Fwp%2Fv2%2Fcomments&post=173361"}],"version-history":[{"count":0,"href":"https:\/\/archive.sana.sy\/es\/index.php?rest_route=\/wp\/v2\/posts\/173361\/revisions"}],"wp:featuredmedia":[{"embeddable":true,"href":"https:\/\/archive.sana.sy\/es\/index.php?rest_route=\/wp\/v2\/media\/173362"}],"wp:attachment":[{"href":"https:\/\/archive.sana.sy\/es\/index.php?rest_route=%2Fwp%2Fv2%2Fmedia&parent=173361"}],"wp:term":[{"taxonomy":"category","embeddable":true,"href":"https:\/\/archive.sana.sy\/es\/index.php?rest_route=%2Fwp%2Fv2%2Fcategories&post=173361"},{"taxonomy":"post_tag","embeddable":true,"href":"https:\/\/archive.sana.sy\/es\/index.php?rest_route=%2Fwp%2Fv2%2Ftags&post=173361"}],"curies":[{"name":"wp","href":"https:\/\/api.w.org\/{rel}","templated":true}]}}