{"id":173364,"date":"2021-03-19T16:55:05","date_gmt":"2021-03-19T14:55:05","guid":{"rendered":"http:\/\/107.6.182.27\/es\/?p=173364"},"modified":"2023-01-12T14:41:48","modified_gmt":"2023-01-12T12:41:48","slug":"ejercito-yemenita-ataca-con-drones-la-petrolera-saudita-de-aramco","status":"publish","type":"post","link":"https:\/\/archive.sana.sy\/es\/?p=173364","title":{"rendered":"Ej\u00e9rcito yemenita ataca con drones la petrolera saudita de Aramco"},"content":{"rendered":"<p><span style=\"color: #800000;\">San\u00e1, SANA<\/span><\/p>\n<p style=\"text-align: justify;\">El portavoz de las Fuerzas Armadas yemenitas, general de brigada Yahya Sari, anunci\u00f3 el lanzamiento de un ataque a\u00e9reo con drones contra la empresa saudita de petr\u00f3leo Aramco.<\/p>\n<p style=\"text-align: justify;\">&#8220;Los drones alcanzaron sus objetivos con gran precisi\u00f3n, gracias a Dios&#8221;, agreg\u00f3 Sari por medio de un comunicado.<\/p>\n<p style=\"text-align: justify;\">El vocero castrense tambi\u00e9n enfatiz\u00f3 que el Comando General de las Fuerzas Armadas confirm\u00f3 que sus operaciones contin\u00faan y se intensifican mientras contin\u00faen la agresi\u00f3n y el asedio.<\/p>\n<p style=\"text-align: justify;\">\u201cEl Comando General de las Fuerzas Armadas de Yemen renov\u00f3 su llamado a todas las empresas y ciudadanos extranjeros para que se alejen por completo de los objetivos militares y vitales, ya que se han convertido en objetivos leg\u00edtimos de nuestras fuerzas y podr\u00edan ser atadas en cualquier momento&#8221;, dice la nota.<\/p>\n<p style=\"text-align: justify;\">Sari hab\u00eda anunciado en la noche del jueves una operaci\u00f3n ofensiva contra el aeropuerto internacional de Abha.<\/p>\n<p><em>mm<\/em><\/p>\n<p>&nbsp;<\/p>\n","protected":false},"excerpt":{"rendered":"<p>San\u00e1, SANA El portavoz de las Fuerzas Armadas yemenitas, general de brigada Yahya Sari, anunci\u00f3 el lanzamiento de un ataque a\u00e9reo con drones contra la empresa saudita de petr\u00f3leo Aramco. &#8220;Los drones alcanzaron sus objetivos con gran precisi\u00f3n, gracias a Dios&#8221;, agreg\u00f3 Sari por medio de un comunicado. El vocero castrense tambi\u00e9n enfatiz\u00f3 que el &hellip;<\/p>\n","protected":false},"author":36,"featured_media":173365,"comment_status":"closed","ping_status":"closed","sticky":false,"template":"","format":"standard","meta":{"footnotes":""},"categories":[597,456,457],"tags":[],"class_list":["post-173364","post","type-post","status-publish","format-standard","has-post-thumbnail","","category-cinta-de-noticias","category-arabe-internacional-politica","category-noticias-arabe-internacional-politica"],"_links":{"self":[{"href":"https:\/\/archive.sana.sy\/es\/index.php?rest_route=\/wp\/v2\/posts\/173364"}],"collection":[{"href":"https:\/\/archive.sana.sy\/es\/index.php?rest_route=\/wp\/v2\/posts"}],"about":[{"href":"https:\/\/archive.sana.sy\/es\/index.php?rest_route=\/wp\/v2\/types\/post"}],"author":[{"embeddable":true,"href":"https:\/\/archive.sana.sy\/es\/index.php?rest_route=\/wp\/v2\/users\/36"}],"replies":[{"embeddable":true,"href":"https:\/\/archive.sana.sy\/es\/index.php?rest_route=%2Fwp%2Fv2%2Fcomments&post=173364"}],"version-history":[{"count":0,"href":"https:\/\/archive.sana.sy\/es\/index.php?rest_route=\/wp\/v2\/posts\/173364\/revisions"}],"wp:featuredmedia":[{"embeddable":true,"href":"https:\/\/archive.sana.sy\/es\/index.php?rest_route=\/wp\/v2\/media\/173365"}],"wp:attachment":[{"href":"https:\/\/archive.sana.sy\/es\/index.php?rest_route=%2Fwp%2Fv2%2Fmedia&parent=173364"}],"wp:term":[{"taxonomy":"category","embeddable":true,"href":"https:\/\/archive.sana.sy\/es\/index.php?rest_route=%2Fwp%2Fv2%2Fcategories&post=173364"},{"taxonomy":"post_tag","embeddable":true,"href":"https:\/\/archive.sana.sy\/es\/index.php?rest_route=%2Fwp%2Fv2%2Ftags&post=173364"}],"curies":[{"name":"wp","href":"https:\/\/api.w.org\/{rel}","templated":true}]}}