{"id":173375,"date":"2021-03-19T17:36:45","date_gmt":"2021-03-19T15:36:45","guid":{"rendered":"http:\/\/107.6.182.27\/es\/?p=173375"},"modified":"2021-03-19T22:18:35","modified_gmt":"2021-03-19T20:18:35","slug":"periodista-turco-el-regimen-de-erdogan-obstaculiza-solucion-a-la-crisis-en-siria","status":"publish","type":"post","link":"https:\/\/archive.sana.sy\/es\/?p=173375","title":{"rendered":"Periodista turco: el r\u00e9gimen de Erdogan obstaculiza soluci\u00f3n a la crisis en Siria"},"content":{"rendered":"<p><span style=\"color: #800000;\">Ankara, SANA<\/span><\/p>\n<p style=\"text-align: justify;\">El periodista turco Fehim Ta\u015ftekin, confirm\u00f3 que el r\u00e9gimen de Recep Tayyip Erdogan est\u00e1 obstruyendo la soluci\u00f3n a la crisis en Siria, se\u00f1alando que la presencia y el mantenimiento de fuerzas turcas en territorio sirio forman parte de este enfoque adoptado por Erdogan.<\/p>\n<p style=\"text-align: justify;\">Ta\u015ftekin explic\u00f3 en entrevista con el canal informativo (Tele 1) que Erdogan no quiere que esfuerzos regionales e internacionales resuelvan esta crisis a pesar de las peligrosas repercusiones para todos los segmentos del pueblo sirio, agregando que las medidas coercitivas unilaterales occidentales impuestas a Siria ha agravado m\u00e1s el sufrimiento del pueblo sirio.<\/p>\n<p style=\"text-align: justify;\">Asimismo, responsabiliz\u00f3 a Erdogan por la situaci\u00f3n actual en Siria, resaltando que desde el primer d\u00eda Erdogan intervino en Siria y apoy\u00f3 y sigue apoyando a organizaciones terroristas armadas en cooperaci\u00f3n con Estados Unidos y algunos pa\u00edses europeos y del Golfo.<\/p>\n<p style=\"text-align: justify;\">En otra parte de sus declaraciones se\u00f1al\u00f3 que Erdogan tambi\u00e9n protege a la organizaci\u00f3n terrorista el Frente Al Nusra en la zona de desescalada en Idlib.<\/p>\n<p style=\"text-align: justify;\">Ta\u015ftekin explic\u00f3 que Erdogan no abandonar\u00e1 este enfoque a fin de lograr ganancias personales y sus planes en ella regi\u00f3n \u00e1rabe.<\/p>\n<p><em>mm<\/em><\/p>\n","protected":false},"excerpt":{"rendered":"<p>Ankara, SANA El periodista turco Fehim Ta\u015ftekin, confirm\u00f3 que el r\u00e9gimen de Recep Tayyip Erdogan est\u00e1 obstruyendo la soluci\u00f3n a la crisis en Siria, se\u00f1alando que la presencia y el mantenimiento de fuerzas turcas en territorio sirio forman parte de este enfoque adoptado por Erdogan. Ta\u015ftekin explic\u00f3 en entrevista con el canal informativo (Tele 1) &hellip;<\/p>\n","protected":false},"author":36,"featured_media":173376,"comment_status":"closed","ping_status":"closed","sticky":false,"template":"","format":"standard","meta":{"footnotes":""},"categories":[597,467],"tags":[],"class_list":["post-173375","post","type-post","status-publish","format-standard","has-post-thumbnail","","category-cinta-de-noticias","category-siria-y-el-mundo"],"_links":{"self":[{"href":"https:\/\/archive.sana.sy\/es\/index.php?rest_route=\/wp\/v2\/posts\/173375"}],"collection":[{"href":"https:\/\/archive.sana.sy\/es\/index.php?rest_route=\/wp\/v2\/posts"}],"about":[{"href":"https:\/\/archive.sana.sy\/es\/index.php?rest_route=\/wp\/v2\/types\/post"}],"author":[{"embeddable":true,"href":"https:\/\/archive.sana.sy\/es\/index.php?rest_route=\/wp\/v2\/users\/36"}],"replies":[{"embeddable":true,"href":"https:\/\/archive.sana.sy\/es\/index.php?rest_route=%2Fwp%2Fv2%2Fcomments&post=173375"}],"version-history":[{"count":0,"href":"https:\/\/archive.sana.sy\/es\/index.php?rest_route=\/wp\/v2\/posts\/173375\/revisions"}],"wp:featuredmedia":[{"embeddable":true,"href":"https:\/\/archive.sana.sy\/es\/index.php?rest_route=\/wp\/v2\/media\/173376"}],"wp:attachment":[{"href":"https:\/\/archive.sana.sy\/es\/index.php?rest_route=%2Fwp%2Fv2%2Fmedia&parent=173375"}],"wp:term":[{"taxonomy":"category","embeddable":true,"href":"https:\/\/archive.sana.sy\/es\/index.php?rest_route=%2Fwp%2Fv2%2Fcategories&post=173375"},{"taxonomy":"post_tag","embeddable":true,"href":"https:\/\/archive.sana.sy\/es\/index.php?rest_route=%2Fwp%2Fv2%2Ftags&post=173375"}],"curies":[{"name":"wp","href":"https:\/\/api.w.org\/{rel}","templated":true}]}}