{"id":173393,"date":"2021-03-19T20:43:20","date_gmt":"2021-03-19T18:43:20","guid":{"rendered":"http:\/\/107.6.182.27\/es\/?p=173393"},"modified":"2021-03-19T20:53:06","modified_gmt":"2021-03-19T18:53:06","slug":"siria-y-rusia-examinan-labor-del-comite-de-debate-de-la-constitucion","status":"publish","type":"post","link":"https:\/\/archive.sana.sy\/es\/?p=173393","title":{"rendered":"Siria y Rusia examinan labor del Comit\u00e9 de Debate de la Constituci\u00f3n"},"content":{"rendered":"<p><span style=\"color: #800000;\">Mosc\u00fa, SANA<\/span><\/p>\n<p style=\"text-align: justify;\">El Vicecanciller y Representante Especial del Presidente de Rusia para Oriente Medio y \u00c1frica, Mikhail Bogdanov, abord\u00f3 con el embajador sirio en Mosc\u00fa, Riad Haddad, la situaci\u00f3n en Siria y la regi\u00f3n.<\/p>\n<p style=\"text-align: justify;\">&#8220;La reuni\u00f3n de Bogdanov y Haddad se centr\u00f3 en el trabajo del Comit\u00e9 de Debate de la Constituci\u00f3n y asuntos urgentes de la cooperaci\u00f3n ruso-siria, en beneficio de la reconstrucci\u00f3n posterior a la crisis en Siria&#8221;, anunci\u00f3 la Canciller\u00eda rusa en un comunicado.<\/p>\n<p style=\"text-align: justify;\">Agreg\u00f3 que la parte rusa enfatiz\u00f3 su firme compromiso con la soberan\u00eda, integridad territorial y la unidad de Siria, y su disposici\u00f3n a continuar ayudando al pueblo sirio en la lucha contra el terrorismo internacional.<\/p>\n<p><span style=\"color: #0000ff;\">rr\/fm<\/span><\/p>\n","protected":false},"excerpt":{"rendered":"<p>Mosc\u00fa, SANA El Vicecanciller y Representante Especial del Presidente de Rusia para Oriente Medio y \u00c1frica, Mikhail Bogdanov, abord\u00f3 con el embajador sirio en Mosc\u00fa, Riad Haddad, la situaci\u00f3n en Siria y la regi\u00f3n. &#8220;La reuni\u00f3n de Bogdanov y Haddad se centr\u00f3 en el trabajo del Comit\u00e9 de Debate de la Constituci\u00f3n y asuntos urgentes &hellip;<\/p>\n","protected":false},"author":31,"featured_media":173394,"comment_status":"closed","ping_status":"closed","sticky":false,"template":"","format":"standard","meta":{"footnotes":""},"categories":[597,467],"tags":[],"class_list":["post-173393","post","type-post","status-publish","format-standard","has-post-thumbnail","","category-cinta-de-noticias","category-siria-y-el-mundo"],"_links":{"self":[{"href":"https:\/\/archive.sana.sy\/es\/index.php?rest_route=\/wp\/v2\/posts\/173393"}],"collection":[{"href":"https:\/\/archive.sana.sy\/es\/index.php?rest_route=\/wp\/v2\/posts"}],"about":[{"href":"https:\/\/archive.sana.sy\/es\/index.php?rest_route=\/wp\/v2\/types\/post"}],"author":[{"embeddable":true,"href":"https:\/\/archive.sana.sy\/es\/index.php?rest_route=\/wp\/v2\/users\/31"}],"replies":[{"embeddable":true,"href":"https:\/\/archive.sana.sy\/es\/index.php?rest_route=%2Fwp%2Fv2%2Fcomments&post=173393"}],"version-history":[{"count":0,"href":"https:\/\/archive.sana.sy\/es\/index.php?rest_route=\/wp\/v2\/posts\/173393\/revisions"}],"wp:featuredmedia":[{"embeddable":true,"href":"https:\/\/archive.sana.sy\/es\/index.php?rest_route=\/wp\/v2\/media\/173394"}],"wp:attachment":[{"href":"https:\/\/archive.sana.sy\/es\/index.php?rest_route=%2Fwp%2Fv2%2Fmedia&parent=173393"}],"wp:term":[{"taxonomy":"category","embeddable":true,"href":"https:\/\/archive.sana.sy\/es\/index.php?rest_route=%2Fwp%2Fv2%2Fcategories&post=173393"},{"taxonomy":"post_tag","embeddable":true,"href":"https:\/\/archive.sana.sy\/es\/index.php?rest_route=%2Fwp%2Fv2%2Ftags&post=173393"}],"curies":[{"name":"wp","href":"https:\/\/api.w.org\/{rel}","templated":true}]}}