{"id":173400,"date":"2021-03-19T21:10:54","date_gmt":"2021-03-19T19:10:54","guid":{"rendered":"http:\/\/107.6.182.27\/es\/?p=173400"},"modified":"2021-03-19T21:10:54","modified_gmt":"2021-03-19T19:10:54","slug":"se-triplican-casos-de-covid-19-recibidos-por-el-hospital-al-mouwasat-de-damasco","status":"publish","type":"post","link":"https:\/\/archive.sana.sy\/es\/?p=173400","title":{"rendered":"Se triplican casos de Covid-19 recibidos por el Hospital \u201cAl-Mouwasat\u201d de Damasco"},"content":{"rendered":"<p><span style=\"color: #800000;\">Damasco, SANA<\/span><\/p>\n<p style=\"text-align: justify;\">El director general del Hospital Universitario \u201cAl-Mouwasat\u201d en Damasco, Essam Zakaria Al-Amin, afirm\u00f3 que el n\u00famero de los casos con Covid-19 recibidos en el Hospital se triplic\u00f3 durante febrero y marzo, en comparaci\u00f3n con enero pasado.<\/p>\n<p style=\"text-align: justify;\">Al-Amin comunic\u00f3 a SANA que las unidades de cuidado intensivo est\u00e1n actualmente llenas al 100%, mientras que las de aislamiento est\u00e1n ocupadas al 95%.<\/p>\n<p style=\"text-align: justify;\">\u201cAunque el n\u00famero de los casos est\u00e1 elevandose, sin embargo, no lleg\u00f3 a las cifras registradas durante julio y agosto de 2020, que oscilaban entre 170 y 180 por d\u00eda\u201d agreg\u00f3.<\/p>\n<p style=\"text-align: justify;\">Explic\u00f3 que, como respuesta a la situaci\u00f3n actual, se increment\u00f3 el n\u00famero de camas asignadas a los casos de Covid-19 en las unidades de cuidado intensivo y de aislamiento, adem\u00e1s de brindar la m\u00e1xima protecci\u00f3n y prevenci\u00f3n al personal m\u00e9dico y de enfermer\u00eda.<\/p>\n<p style=\"text-align: justify;\">Atribuy\u00f3 el aumento de las infecciones a las bajas temperaturas durante el \u00faltimo per\u00edodo, e indic\u00f3 que la tasa oficial de muertos por esta enfermedad es alrededor del 3% del n\u00famero total de contagiados, y es un \u00edndice pr\u00f3ximo al registrado a nivel mundial.<\/p>\n<p style=\"text-align: justify;\">\u201cCien integrantes del personal de salud en el Hospital fueron vacunados contra Covid-19, y la inmunizaci\u00f3n continuar\u00e1 durante el pr\u00f3ximo per\u00edodo\u201d, indic\u00f3.<\/p>\n<p style=\"text-align: justify;\">El Ministerio de Salud de siria report\u00f3 hasta la fecha 16.776 contagiados, 11.231 recuperados y 1.120 fallecidos.<\/p>\n<p><span style=\"color: #0000ff;\">rr\/fm<\/span><\/p>\n","protected":false},"excerpt":{"rendered":"<p>Damasco, SANA El director general del Hospital Universitario \u201cAl-Mouwasat\u201d en Damasco, Essam Zakaria Al-Amin, afirm\u00f3 que el n\u00famero de los casos con Covid-19 recibidos en el Hospital se triplic\u00f3 durante febrero y marzo, en comparaci\u00f3n con enero pasado. Al-Amin comunic\u00f3 a SANA que las unidades de cuidado intensivo est\u00e1n actualmente llenas al 100%, mientras que &hellip;<\/p>\n","protected":false},"author":31,"featured_media":173401,"comment_status":"closed","ping_status":"closed","sticky":false,"template":"","format":"standard","meta":{"footnotes":""},"categories":[597,476,7541],"tags":[],"class_list":["post-173400","post","type-post","status-publish","format-standard","has-post-thumbnail","","category-cinta-de-noticias","category-locales","category-ultimas-noticias"],"_links":{"self":[{"href":"https:\/\/archive.sana.sy\/es\/index.php?rest_route=\/wp\/v2\/posts\/173400"}],"collection":[{"href":"https:\/\/archive.sana.sy\/es\/index.php?rest_route=\/wp\/v2\/posts"}],"about":[{"href":"https:\/\/archive.sana.sy\/es\/index.php?rest_route=\/wp\/v2\/types\/post"}],"author":[{"embeddable":true,"href":"https:\/\/archive.sana.sy\/es\/index.php?rest_route=\/wp\/v2\/users\/31"}],"replies":[{"embeddable":true,"href":"https:\/\/archive.sana.sy\/es\/index.php?rest_route=%2Fwp%2Fv2%2Fcomments&post=173400"}],"version-history":[{"count":0,"href":"https:\/\/archive.sana.sy\/es\/index.php?rest_route=\/wp\/v2\/posts\/173400\/revisions"}],"wp:featuredmedia":[{"embeddable":true,"href":"https:\/\/archive.sana.sy\/es\/index.php?rest_route=\/wp\/v2\/media\/173401"}],"wp:attachment":[{"href":"https:\/\/archive.sana.sy\/es\/index.php?rest_route=%2Fwp%2Fv2%2Fmedia&parent=173400"}],"wp:term":[{"taxonomy":"category","embeddable":true,"href":"https:\/\/archive.sana.sy\/es\/index.php?rest_route=%2Fwp%2Fv2%2Fcategories&post=173400"},{"taxonomy":"post_tag","embeddable":true,"href":"https:\/\/archive.sana.sy\/es\/index.php?rest_route=%2Fwp%2Fv2%2Ftags&post=173400"}],"curies":[{"name":"wp","href":"https:\/\/api.w.org\/{rel}","templated":true}]}}