{"id":173458,"date":"2021-03-20T15:05:23","date_gmt":"2021-03-20T13:05:23","guid":{"rendered":"http:\/\/107.6.182.27\/es\/?p=173458"},"modified":"2021-03-20T15:05:23","modified_gmt":"2021-03-20T13:05:23","slug":"bombardeos-de-la-ocupacion-turca-provocan-desplazamiento-de-familias-en-ain-isa","status":"publish","type":"post","link":"https:\/\/archive.sana.sy\/es\/?p=173458","title":{"rendered":"Bombardeos de la ocupaci\u00f3n turca provocan desplazamiento de familias en Ain Isa"},"content":{"rendered":"<p style=\"text-align: justify;\"><span style=\"color: #800000;\"><strong>Raqa, SANA<\/strong><\/span><\/p>\n<p style=\"text-align: justify;\">Varias familias de la localidad de Ain Isa, al norte de Raqa, huyeron de sus hogares debido al contin\u00fao bombardeo de la ocupaci\u00f3n turca y sus mercenarios contra la localidad y su periferia.<\/p>\n<p style=\"text-align: justify;\">&#8220;Debido a los continuos bombardeos de la ocupaci\u00f3n turca y sus mercenarios contra la localidad de Ain Isa, varias familias abandonaron sus hogares y propiedades temiendo por sus vidas e hijos. Los desplazados se dirigieron hacia zonas seguras lejos del alcance de la artiller\u00eda del ocupante&#8221;, informaron fuentes locales a SANA.<\/p>\n<p style=\"text-align: justify;\">En la v\u00edspera, un ni\u00f1o perdi\u00f3 la vida y cuatro civiles resultaron heridos debido a la renovada agresi\u00f3n de las tropas de ocupaci\u00f3n turcas con artiller\u00eda contra las inmediaciones de la localidad de Ain Isa y las carreteras que conducen a ella.<\/p>\n<p style=\"text-align: justify;\">ah\/rsh<\/p>\n","protected":false},"excerpt":{"rendered":"<p>Raqa, SANA Varias familias de la localidad de Ain Isa, al norte de Raqa, huyeron de sus hogares debido al contin\u00fao bombardeo de la ocupaci\u00f3n turca y sus mercenarios contra la localidad y su periferia. &#8220;Debido a los continuos bombardeos de la ocupaci\u00f3n turca y sus mercenarios contra la localidad de Ain Isa, varias familias &hellip;<\/p>\n","protected":false},"author":30,"featured_media":173459,"comment_status":"closed","ping_status":"closed","sticky":false,"template":"","format":"standard","meta":{"footnotes":""},"categories":[597,573,7541],"tags":[18909],"class_list":["post-173458","post","type-post","status-publish","format-standard","has-post-thumbnail","","category-cinta-de-noticias","category-la-realidad-de-los-acontecimientos-en-siria","category-ultimas-noticias","tag-bombardeos-de-la-ocupacion-turca-provocan-desplazamiento-de-familias-en-ain-isa"],"_links":{"self":[{"href":"https:\/\/archive.sana.sy\/es\/index.php?rest_route=\/wp\/v2\/posts\/173458"}],"collection":[{"href":"https:\/\/archive.sana.sy\/es\/index.php?rest_route=\/wp\/v2\/posts"}],"about":[{"href":"https:\/\/archive.sana.sy\/es\/index.php?rest_route=\/wp\/v2\/types\/post"}],"author":[{"embeddable":true,"href":"https:\/\/archive.sana.sy\/es\/index.php?rest_route=\/wp\/v2\/users\/30"}],"replies":[{"embeddable":true,"href":"https:\/\/archive.sana.sy\/es\/index.php?rest_route=%2Fwp%2Fv2%2Fcomments&post=173458"}],"version-history":[{"count":0,"href":"https:\/\/archive.sana.sy\/es\/index.php?rest_route=\/wp\/v2\/posts\/173458\/revisions"}],"wp:featuredmedia":[{"embeddable":true,"href":"https:\/\/archive.sana.sy\/es\/index.php?rest_route=\/wp\/v2\/media\/173459"}],"wp:attachment":[{"href":"https:\/\/archive.sana.sy\/es\/index.php?rest_route=%2Fwp%2Fv2%2Fmedia&parent=173458"}],"wp:term":[{"taxonomy":"category","embeddable":true,"href":"https:\/\/archive.sana.sy\/es\/index.php?rest_route=%2Fwp%2Fv2%2Fcategories&post=173458"},{"taxonomy":"post_tag","embeddable":true,"href":"https:\/\/archive.sana.sy\/es\/index.php?rest_route=%2Fwp%2Fv2%2Ftags&post=173458"}],"curies":[{"name":"wp","href":"https:\/\/api.w.org\/{rel}","templated":true}]}}