{"id":173475,"date":"2021-03-20T16:53:31","date_gmt":"2021-03-20T14:53:31","guid":{"rendered":"http:\/\/107.6.182.27\/es\/?p=173475"},"modified":"2023-01-12T14:41:47","modified_gmt":"2023-01-12T12:41:47","slug":"se-manifiestan-en-turquia-contra-las-politicas-de-erdogan","status":"publish","type":"post","link":"https:\/\/archive.sana.sy\/es\/?p=173475","title":{"rendered":"Se manifiestan en Turqu\u00eda contra las pol\u00edticas de Erdogan"},"content":{"rendered":"<p style=\"text-align: justify;\"><span style=\"color: #800000;\"><strong>Ankara, SANA<\/strong><\/span><\/p>\n<p style=\"text-align: justify;\">Miles de ciudadanos turcos se manifestaron en la ciudad de Estambul denunciando las pol\u00edticas del presidente del r\u00e9gimen turco, Recep Tayyip Erdogan, y sus esfuerzos por establecer un r\u00e9gimen autoritario y dictatorial.<\/p>\n<p style=\"text-align: justify;\">Manifestantes de diversos partidos, organizaciones y sindicatos expresaron su solidaridad con el Partido Democr\u00e1tico de los Pueblos (HDP), cuya actividad Erdogan busca proscribir, acus\u00e1ndolo de terrorismo.<\/p>\n<p style=\"text-align: justify;\">Dirigentes de varios partidos y organizaciones pol\u00edticas describieron al r\u00e9gimen de Erdogan como &#8220;corrupto, fascista y hostil&#8221;, y lanzaron un llamado a los partidos y fuerzas de la oposici\u00f3n para poner en marcha una lucha com\u00fan por deshacerse de este r\u00e9gimen peligroso para el futuro de Turqu\u00eda y la regi\u00f3n.<\/p>\n<p style=\"text-align: justify;\"><span style=\"color: #0000ff;\">sm\/rsh<\/span><\/p>\n","protected":false},"excerpt":{"rendered":"<p>Ankara, SANA Miles de ciudadanos turcos se manifestaron en la ciudad de Estambul denunciando las pol\u00edticas del presidente del r\u00e9gimen turco, Recep Tayyip Erdogan, y sus esfuerzos por establecer un r\u00e9gimen autoritario y dictatorial. Manifestantes de diversos partidos, organizaciones y sindicatos expresaron su solidaridad con el Partido Democr\u00e1tico de los Pueblos (HDP), cuya actividad Erdogan &hellip;<\/p>\n","protected":false},"author":39,"featured_media":173479,"comment_status":"closed","ping_status":"closed","sticky":false,"template":"","format":"standard","meta":{"footnotes":""},"categories":[597,456,7541],"tags":[],"class_list":["post-173475","post","type-post","status-publish","format-standard","has-post-thumbnail","","category-cinta-de-noticias","category-arabe-internacional-politica","category-ultimas-noticias"],"_links":{"self":[{"href":"https:\/\/archive.sana.sy\/es\/index.php?rest_route=\/wp\/v2\/posts\/173475"}],"collection":[{"href":"https:\/\/archive.sana.sy\/es\/index.php?rest_route=\/wp\/v2\/posts"}],"about":[{"href":"https:\/\/archive.sana.sy\/es\/index.php?rest_route=\/wp\/v2\/types\/post"}],"author":[{"embeddable":true,"href":"https:\/\/archive.sana.sy\/es\/index.php?rest_route=\/wp\/v2\/users\/39"}],"replies":[{"embeddable":true,"href":"https:\/\/archive.sana.sy\/es\/index.php?rest_route=%2Fwp%2Fv2%2Fcomments&post=173475"}],"version-history":[{"count":0,"href":"https:\/\/archive.sana.sy\/es\/index.php?rest_route=\/wp\/v2\/posts\/173475\/revisions"}],"wp:featuredmedia":[{"embeddable":true,"href":"https:\/\/archive.sana.sy\/es\/index.php?rest_route=\/wp\/v2\/media\/173479"}],"wp:attachment":[{"href":"https:\/\/archive.sana.sy\/es\/index.php?rest_route=%2Fwp%2Fv2%2Fmedia&parent=173475"}],"wp:term":[{"taxonomy":"category","embeddable":true,"href":"https:\/\/archive.sana.sy\/es\/index.php?rest_route=%2Fwp%2Fv2%2Fcategories&post=173475"},{"taxonomy":"post_tag","embeddable":true,"href":"https:\/\/archive.sana.sy\/es\/index.php?rest_route=%2Fwp%2Fv2%2Ftags&post=173475"}],"curies":[{"name":"wp","href":"https:\/\/api.w.org\/{rel}","templated":true}]}}