{"id":173567,"date":"2021-03-21T16:09:38","date_gmt":"2021-03-21T14:09:38","guid":{"rendered":"http:\/\/107.6.182.27\/es\/?p=173567"},"modified":"2023-01-10T14:29:43","modified_gmt":"2023-01-10T12:29:43","slug":"distribuyen-ayuda-humanitaria-rusa-en-el-sur-de-siria","status":"publish","type":"post","link":"https:\/\/archive.sana.sy\/es\/?p=173567","title":{"rendered":"Distribuyen ayuda humanitaria rusa en el sur de Siria"},"content":{"rendered":"<p style=\"text-align: justify;\"><strong><span style=\"color: #800000;\">Deraa, SANA<\/span><\/strong><\/p>\n<p style=\"text-align: justify;\">La gobernaci\u00f3n de Deraa distribuy\u00f3 hoy ayuda humanitaria proporcionada por el gobierno de la Federaci\u00f3n de Rusia a las personas m\u00e1s necesitadas de la ciudad de Zamrin, en el noroeste de esa provincia sure\u00f1a.<\/p>\n<p style=\"text-align: justify;\">El responsable de salud y socorro en la Gobernaci\u00f3n, Abdullah Falah, afirm\u00f3 que la asistencia humanitaria refleja la profunda relaci\u00f3n entre los pueblos, el sirio y el ruso.<\/p>\n<p style=\"text-align: justify;\">\u201cLa ayuda incluye 350 canastas individuales que se entregaron a las familias de los m\u00e1rtires, a los heridos y a las familias m\u00e1s necesitadas\u201d, precis\u00f3.<\/p>\n<p style=\"text-align: justify;\"><span style=\"color: #0000ff;\">sm\/fm<\/span><\/p>\n","protected":false},"excerpt":{"rendered":"<p>Deraa, SANA La gobernaci\u00f3n de Deraa distribuy\u00f3 hoy ayuda humanitaria proporcionada por el gobierno de la Federaci\u00f3n de Rusia a las personas m\u00e1s necesitadas de la ciudad de Zamrin, en el noroeste de esa provincia sure\u00f1a. El responsable de salud y socorro en la Gobernaci\u00f3n, Abdullah Falah, afirm\u00f3 que la asistencia humanitaria refleja la profunda &hellip;<\/p>\n","protected":false},"author":39,"featured_media":173568,"comment_status":"closed","ping_status":"closed","sticky":false,"template":"","format":"standard","meta":{"footnotes":""},"categories":[477,447,597,476,16688,7541],"tags":[],"class_list":["post-173567","post","type-post","status-publish","format-standard","has-post-thumbnail","","category-noticias-edulcorantes","category-local-politica","category-cinta-de-noticias","category-locales","category-nacionales","category-ultimas-noticias"],"_links":{"self":[{"href":"https:\/\/archive.sana.sy\/es\/index.php?rest_route=\/wp\/v2\/posts\/173567"}],"collection":[{"href":"https:\/\/archive.sana.sy\/es\/index.php?rest_route=\/wp\/v2\/posts"}],"about":[{"href":"https:\/\/archive.sana.sy\/es\/index.php?rest_route=\/wp\/v2\/types\/post"}],"author":[{"embeddable":true,"href":"https:\/\/archive.sana.sy\/es\/index.php?rest_route=\/wp\/v2\/users\/39"}],"replies":[{"embeddable":true,"href":"https:\/\/archive.sana.sy\/es\/index.php?rest_route=%2Fwp%2Fv2%2Fcomments&post=173567"}],"version-history":[{"count":0,"href":"https:\/\/archive.sana.sy\/es\/index.php?rest_route=\/wp\/v2\/posts\/173567\/revisions"}],"wp:featuredmedia":[{"embeddable":true,"href":"https:\/\/archive.sana.sy\/es\/index.php?rest_route=\/wp\/v2\/media\/173568"}],"wp:attachment":[{"href":"https:\/\/archive.sana.sy\/es\/index.php?rest_route=%2Fwp%2Fv2%2Fmedia&parent=173567"}],"wp:term":[{"taxonomy":"category","embeddable":true,"href":"https:\/\/archive.sana.sy\/es\/index.php?rest_route=%2Fwp%2Fv2%2Fcategories&post=173567"},{"taxonomy":"post_tag","embeddable":true,"href":"https:\/\/archive.sana.sy\/es\/index.php?rest_route=%2Fwp%2Fv2%2Ftags&post=173567"}],"curies":[{"name":"wp","href":"https:\/\/api.w.org\/{rel}","templated":true}]}}