{"id":173617,"date":"2021-03-21T14:21:04","date_gmt":"2021-03-21T12:21:04","guid":{"rendered":"http:\/\/107.6.182.27\/es\/?p=173617"},"modified":"2023-01-10T14:29:44","modified_gmt":"2023-01-10T12:29:44","slug":"sector-ganadero-en-hama-es-blanco-del-terrorismo","status":"publish","type":"post","link":"https:\/\/archive.sana.sy\/es\/?p=173617","title":{"rendered":"Sector ganadero en Hama es blanco del terrorismo"},"content":{"rendered":"<p style=\"text-align: justify;\"><span style=\"color: #800000;\"><strong>Hama, SANA<\/strong><\/span><\/p>\n<p style=\"text-align: justify;\">Los repetidos ataques terroristas contra el ganado, especialmente el de ovejas, en el desierto de la provincia de Hama, evidencian que terroristas pretenden golpear sistem\u00e1ticamente este sector productivo, vital para la poblaci\u00f3n.<\/p>\n<p style=\"text-align: justify;\">Un comandante militar declar\u00f3 a SANA que \u201clos remanentes de la organizaci\u00f3n terrorista (Daesh) en el desierto sirio intensificaron sus ataques contra civiles y caravanas de camiones de petr\u00f3leo y ganado\u201d.<\/p>\n<p style=\"text-align: justify;\">Agreg\u00f3 que las \u201coperaciones de peinado se concentraron en las zonas des\u00e9rticas de Al-Badieh que comparten las gobernaciones de Deir Ezzor, Homs, Hama y Raqa, especialmente el este de Hama que recientemente fue testigo de un aumento en el n\u00famero de ataques terroristas, en uno de ellos se mataron m\u00e1s de 400 ovejas\u201d.<\/p>\n<p style=\"text-align: justify;\">Waseem Jarf, jefe de la Unidad Veterinaria en Salamieh, mencion\u00f3 que la regi\u00f3n central de Siria, especialmente el este de Hama, es la m\u00e1s importante en la producci\u00f3n de ganado, y revel\u00f3 que el n\u00famero de ovejas en la regi\u00f3n antes de la guerra terrorista se estimaba en 2 millones de cabezas.<\/p>\n<p style=\"text-align: justify;\">Actualmente, seg\u00fan, Jarf, el n\u00famero de ovejas se estima entre 600 a 800 mil cabezas, a los que se brindan servicios veterinarios y forrajes.<\/p>\n<p style=\"text-align: justify;\">Concluy\u00f3 que los ataques de los grupos terroristas no se limitan a p\u00e9rdidas materiales sino que tambi\u00e9n buscan prohibir que el criador contin\u00fae criando ovejas.<\/p>\n<p style=\"text-align: justify;\"><span style=\"color: #0000ff;\">sm\/fm<\/span><\/p>\n","protected":false},"excerpt":{"rendered":"<p>Hama, SANA Los repetidos ataques terroristas contra el ganado, especialmente el de ovejas, en el desierto de la provincia de Hama, evidencian que terroristas pretenden golpear sistem\u00e1ticamente este sector productivo, vital para la poblaci\u00f3n. Un comandante militar declar\u00f3 a SANA que \u201clos remanentes de la organizaci\u00f3n terrorista (Daesh) en el desierto sirio intensificaron sus ataques &hellip;<\/p>\n","protected":false},"author":39,"featured_media":173618,"comment_status":"closed","ping_status":"closed","sticky":false,"template":"","format":"standard","meta":{"footnotes":""},"categories":[447,597,573,476,7541],"tags":[],"class_list":["post-173617","post","type-post","status-publish","format-standard","has-post-thumbnail","","category-local-politica","category-cinta-de-noticias","category-la-realidad-de-los-acontecimientos-en-siria","category-locales","category-ultimas-noticias"],"_links":{"self":[{"href":"https:\/\/archive.sana.sy\/es\/index.php?rest_route=\/wp\/v2\/posts\/173617"}],"collection":[{"href":"https:\/\/archive.sana.sy\/es\/index.php?rest_route=\/wp\/v2\/posts"}],"about":[{"href":"https:\/\/archive.sana.sy\/es\/index.php?rest_route=\/wp\/v2\/types\/post"}],"author":[{"embeddable":true,"href":"https:\/\/archive.sana.sy\/es\/index.php?rest_route=\/wp\/v2\/users\/39"}],"replies":[{"embeddable":true,"href":"https:\/\/archive.sana.sy\/es\/index.php?rest_route=%2Fwp%2Fv2%2Fcomments&post=173617"}],"version-history":[{"count":0,"href":"https:\/\/archive.sana.sy\/es\/index.php?rest_route=\/wp\/v2\/posts\/173617\/revisions"}],"wp:featuredmedia":[{"embeddable":true,"href":"https:\/\/archive.sana.sy\/es\/index.php?rest_route=\/wp\/v2\/media\/173618"}],"wp:attachment":[{"href":"https:\/\/archive.sana.sy\/es\/index.php?rest_route=%2Fwp%2Fv2%2Fmedia&parent=173617"}],"wp:term":[{"taxonomy":"category","embeddable":true,"href":"https:\/\/archive.sana.sy\/es\/index.php?rest_route=%2Fwp%2Fv2%2Fcategories&post=173617"},{"taxonomy":"post_tag","embeddable":true,"href":"https:\/\/archive.sana.sy\/es\/index.php?rest_route=%2Fwp%2Fv2%2Ftags&post=173617"}],"curies":[{"name":"wp","href":"https:\/\/api.w.org\/{rel}","templated":true}]}}