{"id":173626,"date":"2021-03-21T20:16:37","date_gmt":"2021-03-21T18:16:37","guid":{"rendered":"http:\/\/107.6.182.27\/es\/?p=173626"},"modified":"2021-03-22T09:18:55","modified_gmt":"2021-03-22T07:18:55","slug":"al-mekdad-examina-con-funcionarios-omanies-vias-para-desarrollar-la-cooperacion-bilateral","status":"publish","type":"post","link":"https:\/\/archive.sana.sy\/es\/?p=173626","title":{"rendered":"Al-Mekdad examina con funcionarios oman\u00edes v\u00edas para desarrollar la cooperaci\u00f3n bilateral"},"content":{"rendered":"<p style=\"text-align: justify;\"><span style=\"color: #800000;\"><strong>Mascate, SANA<\/strong><\/span><\/p>\n<p style=\"text-align: justify;\">En el segundo d\u00eda de su visita al Sultanato de Om\u00e1n, el ministro de Exteriores y Expatriados, Faisal al-Mekdad, examin\u00f3 con el ministro del Despacho del Sult\u00e1n oman\u00ed, mariscal Solt\u00e1n al-Nomani, los esfuerzos desplegados para estrechar las relaciones entre los dos pa\u00edses hermanos por el bien de los intereses nacionales.<\/p>\n<p style=\"text-align: justify;\">El ministro al-Mekdad transmiti\u00f3 los saludos y mejores deseos del presidente Bashar al-Assad a su majestad el sult\u00e1n Haitham bin Tarek Al Sa\u00edd, y pas\u00f3 revista con el ministro oman\u00ed a los \u00faltimos desarrollos de la situaci\u00f3n en Siria y las v\u00edas para impulsar la cooperaci\u00f3n bilateral en todos los \u00e1mbitos.<\/p>\n<p style=\"text-align: justify;\">Al-Nomani expres\u00f3 la valoraci\u00f3n del Sultanato a las profundas relaciones fraternales con Siria que &#8220;con toda certeza superar\u00e1 la crisis y recuperar\u00e1 su rol en la regi\u00f3n y el mundo gracias a la firmeza de su pueblo que defiende su territorio&#8221;.<\/p>\n<p style=\"text-align: justify;\">El canciller al-Mekdad celebr\u00f3 con su hom\u00f3logo oman\u00ed una sesi\u00f3n de conversaciones para desarrollar la cooperaci\u00f3n bilateral, durante la cual ensalz\u00f3 las relaciones fraternales entre Siria y el Sultanato de Om\u00e1n que no se han visto afectadas durante los a\u00f1os de guerra, as\u00ed como afirm\u00f3 la importancia de continuar la cooperaci\u00f3n y la acci\u00f3n conjunta por el bien de los dos pa\u00edses y la regi\u00f3n.<\/p>\n<p style=\"text-align: justify;\">Aclarando las evoluciones concernientes al Comit\u00e9 para el Debate de la Constituci\u00f3n, al-Mekdad subray\u00f3 que el trabajo del mismo debe partir de un consenso sobre los principios nacionales, en especial la unidad del territorio sirio, y que el pueblo sirio es due\u00f1o exclusivo de su autodeterminaci\u00f3n.<\/p>\n<p style=\"text-align: justify;\">Subray\u00f3 tambi\u00e9n la necesidad de continuar la lucha antiterrorista, se\u00f1alando que lo m\u00e1s peligroso es la interferencia de los estados occidentales en el trabajo del Comit\u00e9 pues intentan dictarle planes de acci\u00f3n y calendarios.<\/p>\n<p style=\"text-align: justify;\">Tras las conversaciones fue firmado el Convenio de eximici\u00f3n mutua de visados para los portadores de pasaportes diplom\u00e1ticos, especiales y de servicio.<\/p>\n<p style=\"text-align: justify;\">El Dr. al-Mekdad se reuni\u00f3 con Asaad bin Tarek Al Sa\u00eds, vicepresidente del Gabinete para Asuntos de Relaciones y Cooperaci\u00f3n Internacional, representante especial de su majestad el sult\u00e1n, y debati\u00f3 con \u00e9l los aspectos de la cooperaci\u00f3n entre Siria y el Sultanato por el bien de los intereses comunes de los dos pa\u00edses y pueblos amigos.<\/p>\n<p style=\"text-align: justify;\">El titular sirio expuso durante el encuentro los esfuerzos que lleva a cabo el gobierno sirio por restablecer la seguridad y la estabilidad en todo el pa\u00eds, creando las condiciones para el retorno de los refugiados y el comienzo de la reconstrucci\u00f3n.<\/p>\n<p style=\"text-align: justify;\">Las conversaciones abordaron tambi\u00e9n las \u00faltimas evoluciones referentes al trabajo del Comit\u00e9 para el Debate de la Constituci\u00f3n.<\/p>\n<p style=\"text-align: justify;\">Por su parte el vicepresidente de ministros oman\u00ed hizo hincapi\u00e9 en las buenas relaciones entre el Sultanato y la Rep\u00fablica \u00c1rabe de Siria, y que los esfuerzos continuar\u00e1n por fortalecer la cooperaci\u00f3n bilateral entre los dos pa\u00edses hermanos.<\/p>\n<p style=\"text-align: justify;\">El ministro de Exteriores y Expatriados y la delegaci\u00f3n que le acompa\u00f1a se reunieron con representantes de la colonia siria en el Sultanato de Om\u00e1n donde al-Mekdad expuso los \u00faltimos desarrollos en Siria y los esfuerzos de estabilizaci\u00f3n all\u00ed dando la bienvenida al retorno de los refugiados a su patria para participar en el proceso de reconstrucci\u00f3n.<\/p>\n<p style=\"text-align: justify;\">El canciller recalc\u00f3 la importancia de continuar la comunicaci\u00f3n entre la comunidad y la embajada para afianzar la cohesi\u00f3n nacional. Por su parte los expatriados expresaron su esperanza de que Siria vuelva a la normalidad afirmando su disposici\u00f3n a apoyar la reconstrucci\u00f3n y todo lo que va a favor de su madre patria.<\/p>\n<p style=\"text-align: justify;\"><span style=\"color: #0000ff;\"><strong>rsh\/ah<\/strong><\/span><\/p>\n","protected":false},"excerpt":{"rendered":"<p>Mascate, SANA En el segundo d\u00eda de su visita al Sultanato de Om\u00e1n, el ministro de Exteriores y Expatriados, Faisal al-Mekdad, examin\u00f3 con el ministro del Despacho del Sult\u00e1n oman\u00ed, mariscal Solt\u00e1n al-Nomani, los esfuerzos desplegados para estrechar las relaciones entre los dos pa\u00edses hermanos por el bien de los intereses nacionales. El ministro al-Mekdad &hellip;<\/p>\n","protected":false},"author":30,"featured_media":173627,"comment_status":"closed","ping_status":"closed","sticky":false,"template":"","format":"standard","meta":{"footnotes":""},"categories":[597,467,583],"tags":[18914],"class_list":["post-173626","post","type-post","status-publish","format-standard","has-post-thumbnail","","category-cinta-de-noticias","category-siria-y-el-mundo","category-slide","tag-al-mekdad-examina-con-funcionarios-omanies-vias-para-desarrollar-la-cooperacion-bilateral"],"_links":{"self":[{"href":"https:\/\/archive.sana.sy\/es\/index.php?rest_route=\/wp\/v2\/posts\/173626"}],"collection":[{"href":"https:\/\/archive.sana.sy\/es\/index.php?rest_route=\/wp\/v2\/posts"}],"about":[{"href":"https:\/\/archive.sana.sy\/es\/index.php?rest_route=\/wp\/v2\/types\/post"}],"author":[{"embeddable":true,"href":"https:\/\/archive.sana.sy\/es\/index.php?rest_route=\/wp\/v2\/users\/30"}],"replies":[{"embeddable":true,"href":"https:\/\/archive.sana.sy\/es\/index.php?rest_route=%2Fwp%2Fv2%2Fcomments&post=173626"}],"version-history":[{"count":0,"href":"https:\/\/archive.sana.sy\/es\/index.php?rest_route=\/wp\/v2\/posts\/173626\/revisions"}],"wp:featuredmedia":[{"embeddable":true,"href":"https:\/\/archive.sana.sy\/es\/index.php?rest_route=\/wp\/v2\/media\/173627"}],"wp:attachment":[{"href":"https:\/\/archive.sana.sy\/es\/index.php?rest_route=%2Fwp%2Fv2%2Fmedia&parent=173626"}],"wp:term":[{"taxonomy":"category","embeddable":true,"href":"https:\/\/archive.sana.sy\/es\/index.php?rest_route=%2Fwp%2Fv2%2Fcategories&post=173626"},{"taxonomy":"post_tag","embeddable":true,"href":"https:\/\/archive.sana.sy\/es\/index.php?rest_route=%2Fwp%2Fv2%2Ftags&post=173626"}],"curies":[{"name":"wp","href":"https:\/\/api.w.org\/{rel}","templated":true}]}}