{"id":173635,"date":"2021-03-21T20:49:06","date_gmt":"2021-03-21T18:49:06","guid":{"rendered":"http:\/\/107.6.182.27\/es\/?p=173635"},"modified":"2023-01-12T14:41:47","modified_gmt":"2023-01-12T12:41:47","slug":"agresor-saudita-comete-nuevas-violaciones-al-alto-el-fuego-en-yemen","status":"publish","type":"post","link":"https:\/\/archive.sana.sy\/es\/?p=173635","title":{"rendered":"Agresor saudita comete nuevas violaciones al alto el fuego en Yemen"},"content":{"rendered":"<p style=\"text-align: justify;\"><span style=\"color: #800000;\"><strong>San\u00e1, SANA<\/strong><\/span><\/p>\n<p style=\"text-align: justify;\">La aviaci\u00f3n b\u00e9lica saudita cometi\u00f3 nuevas violaciones del acuerdo de alto el fuego al atacar las \u00e1reas residenciales en varias gobernaciones de Yemen, causando grandes da\u00f1os a propiedades p\u00fablicas y privadas.<\/p>\n<p style=\"text-align: justify;\">El portal Al-Masirah cit\u00f3 a una fuente de seguridad diciendo que \u201ctres incursiones \u00e1reas fueron lanzadas en el \u00e1rea de Al-Hafa, dos en Jarban en el distrito de Sanhan, una en el vecindario de Al-Nahda, dos en aeropuerto de la capital San\u00e1, y dos en el \u00e1rea de Al-Senen del distrito de Khamer en Imran\u201d.<\/p>\n<p style=\"text-align: justify;\">El r\u00e9gimen saud\u00ed contin\u00faa su agresi\u00f3n contra el pueblo yemen\u00ed desde marzo de 2015, y caus\u00f3 decenas de miles de v\u00edctimas y destrucci\u00f3n masiva de la infraestructura del pa\u00eds.<\/p>\n<p style=\"text-align: justify;\"><span style=\"color: #0000ff;\">sm\/fm<\/span><\/p>\n","protected":false},"excerpt":{"rendered":"<p>San\u00e1, SANA La aviaci\u00f3n b\u00e9lica saudita cometi\u00f3 nuevas violaciones del acuerdo de alto el fuego al atacar las \u00e1reas residenciales en varias gobernaciones de Yemen, causando grandes da\u00f1os a propiedades p\u00fablicas y privadas. El portal Al-Masirah cit\u00f3 a una fuente de seguridad diciendo que \u201ctres incursiones \u00e1reas fueron lanzadas en el \u00e1rea de Al-Hafa, dos &hellip;<\/p>\n","protected":false},"author":39,"featured_media":173636,"comment_status":"closed","ping_status":"closed","sticky":false,"template":"","format":"standard","meta":{"footnotes":""},"categories":[597,456],"tags":[],"class_list":["post-173635","post","type-post","status-publish","format-standard","has-post-thumbnail","","category-cinta-de-noticias","category-arabe-internacional-politica"],"_links":{"self":[{"href":"https:\/\/archive.sana.sy\/es\/index.php?rest_route=\/wp\/v2\/posts\/173635"}],"collection":[{"href":"https:\/\/archive.sana.sy\/es\/index.php?rest_route=\/wp\/v2\/posts"}],"about":[{"href":"https:\/\/archive.sana.sy\/es\/index.php?rest_route=\/wp\/v2\/types\/post"}],"author":[{"embeddable":true,"href":"https:\/\/archive.sana.sy\/es\/index.php?rest_route=\/wp\/v2\/users\/39"}],"replies":[{"embeddable":true,"href":"https:\/\/archive.sana.sy\/es\/index.php?rest_route=%2Fwp%2Fv2%2Fcomments&post=173635"}],"version-history":[{"count":0,"href":"https:\/\/archive.sana.sy\/es\/index.php?rest_route=\/wp\/v2\/posts\/173635\/revisions"}],"wp:featuredmedia":[{"embeddable":true,"href":"https:\/\/archive.sana.sy\/es\/index.php?rest_route=\/wp\/v2\/media\/173636"}],"wp:attachment":[{"href":"https:\/\/archive.sana.sy\/es\/index.php?rest_route=%2Fwp%2Fv2%2Fmedia&parent=173635"}],"wp:term":[{"taxonomy":"category","embeddable":true,"href":"https:\/\/archive.sana.sy\/es\/index.php?rest_route=%2Fwp%2Fv2%2Fcategories&post=173635"},{"taxonomy":"post_tag","embeddable":true,"href":"https:\/\/archive.sana.sy\/es\/index.php?rest_route=%2Fwp%2Fv2%2Ftags&post=173635"}],"curies":[{"name":"wp","href":"https:\/\/api.w.org\/{rel}","templated":true}]}}