{"id":173644,"date":"2021-03-21T21:17:53","date_gmt":"2021-03-21T19:17:53","guid":{"rendered":"http:\/\/107.6.182.27\/es\/?p=173644"},"modified":"2023-01-12T14:41:47","modified_gmt":"2023-01-12T12:41:47","slug":"manifestaciones-antirracismo-en-estados-unidos","status":"publish","type":"post","link":"https:\/\/archive.sana.sy\/es\/?p=173644","title":{"rendered":"Manifestaciones antirracismo en Estados Unidos"},"content":{"rendered":"<p style=\"text-align: justify;\"><span style=\"color: #800000;\"><strong>Washington, SANA<\/strong><\/span><\/p>\n<p style=\"text-align: justify;\">Varios estados de EE.UU fueron testigo de protestas y manifestaciones contra el racismo aplicado a estadounidenses de origen asi\u00e1tico e isle\u00f1os del Pac\u00edfico, tras el asesinato de ocho asi\u00e1ticos en tiroteos en Atlanta.<\/p>\n<p style=\"text-align: justify;\">En San Antonio, Texas, el exalcalde de la ciudad dijo a los manifestantes: &#8220;la historia de los Estados Unidos requiere una revisi\u00f3n y debemos detener la hostilidad contra los estadounidenses de ascendencia asi\u00e1tica que han sido blanco de discriminaci\u00f3n racial durante generaciones, lo cual no es un secreto para nadie aqu\u00ed.&#8221;<\/p>\n<p style=\"text-align: justify;\">En Chicago, los manifestantes afirmaron que \u201csu participaci\u00f3n no es solo para brindar apoyo a las v\u00edctimas sino tambi\u00e9n para prevenir ataques similares en el futuro&#8221;.<\/p>\n<p style=\"text-align: justify;\">Una investigaci\u00f3n publicada esta semana por el Foro &#8220;Alto al odio contra los asi\u00e1ticos americanos y los isle\u00f1os del Pac\u00edfico&#8221; revel\u00f3 alrededor de 3.800 ataques en el transcurso de casi un a\u00f1o contra personas de ascendencia asi\u00e1tica, y los ataques contra mujeres fueron del 68 por ciento, en comparaci\u00f3n con el 29 por ciento de los hombres.<\/p>\n<p style=\"text-align: justify;\">El nivel de racismo en EE.UU ha crecido mucho tras la llegada del expresidente Donald Trump a la Casa Blanca, per\u00edodo durante el cual se intercalaron discursos en los que se instaba al odio contra los afroamericanos e hispanoamericanos.<\/p>\n<p style=\"text-align: justify;\"><span style=\"color: #0000ff;\">sm\/fm<\/span><\/p>\n","protected":false},"excerpt":{"rendered":"<p>Washington, SANA Varios estados de EE.UU fueron testigo de protestas y manifestaciones contra el racismo aplicado a estadounidenses de origen asi\u00e1tico e isle\u00f1os del Pac\u00edfico, tras el asesinato de ocho asi\u00e1ticos en tiroteos en Atlanta. En San Antonio, Texas, el exalcalde de la ciudad dijo a los manifestantes: &#8220;la historia de los Estados Unidos requiere &hellip;<\/p>\n","protected":false},"author":39,"featured_media":173645,"comment_status":"closed","ping_status":"closed","sticky":false,"template":"","format":"standard","meta":{"footnotes":""},"categories":[597,456],"tags":[],"class_list":["post-173644","post","type-post","status-publish","format-standard","has-post-thumbnail","","category-cinta-de-noticias","category-arabe-internacional-politica"],"_links":{"self":[{"href":"https:\/\/archive.sana.sy\/es\/index.php?rest_route=\/wp\/v2\/posts\/173644"}],"collection":[{"href":"https:\/\/archive.sana.sy\/es\/index.php?rest_route=\/wp\/v2\/posts"}],"about":[{"href":"https:\/\/archive.sana.sy\/es\/index.php?rest_route=\/wp\/v2\/types\/post"}],"author":[{"embeddable":true,"href":"https:\/\/archive.sana.sy\/es\/index.php?rest_route=\/wp\/v2\/users\/39"}],"replies":[{"embeddable":true,"href":"https:\/\/archive.sana.sy\/es\/index.php?rest_route=%2Fwp%2Fv2%2Fcomments&post=173644"}],"version-history":[{"count":0,"href":"https:\/\/archive.sana.sy\/es\/index.php?rest_route=\/wp\/v2\/posts\/173644\/revisions"}],"wp:featuredmedia":[{"embeddable":true,"href":"https:\/\/archive.sana.sy\/es\/index.php?rest_route=\/wp\/v2\/media\/173645"}],"wp:attachment":[{"href":"https:\/\/archive.sana.sy\/es\/index.php?rest_route=%2Fwp%2Fv2%2Fmedia&parent=173644"}],"wp:term":[{"taxonomy":"category","embeddable":true,"href":"https:\/\/archive.sana.sy\/es\/index.php?rest_route=%2Fwp%2Fv2%2Fcategories&post=173644"},{"taxonomy":"post_tag","embeddable":true,"href":"https:\/\/archive.sana.sy\/es\/index.php?rest_route=%2Fwp%2Fv2%2Ftags&post=173644"}],"curies":[{"name":"wp","href":"https:\/\/api.w.org\/{rel}","templated":true}]}}