{"id":173893,"date":"2021-03-24T13:52:25","date_gmt":"2021-03-24T11:52:25","guid":{"rendered":"http:\/\/107.6.182.27\/es\/?p=173893"},"modified":"2021-03-24T13:53:11","modified_gmt":"2021-03-24T11:53:11","slug":"el-ministro-de-salud-de-libano-agradece-al-presidente-al-assad-por-el-suministro-de-oxigeno-y-afirma-que-ese-gesto-contribuira-a-salvar-al-libano-de-un-desastre-y-salvar-la-vida-de-muchos-libaneses","status":"publish","type":"post","link":"https:\/\/archive.sana.sy\/es\/?p=173893","title":{"rendered":"El Ministro de Salud de L\u00edbano agradece al presidente Al-Assad por el suministro de ox\u00edgeno y afirma que ese gesto contribuir\u00e1 a salvar al L\u00edbano de un desastre y salvar la vida de muchos libaneses."},"content":{"rendered":"","protected":false},"excerpt":{"rendered":"","protected":false},"author":35,"featured_media":0,"comment_status":"closed","ping_status":"closed","sticky":false,"template":"","format":"standard","meta":{"footnotes":""},"categories":[596],"tags":[],"class_list":["post-173893","post","type-post","status-publish","format-standard","","category-urgente"],"_links":{"self":[{"href":"https:\/\/archive.sana.sy\/es\/index.php?rest_route=\/wp\/v2\/posts\/173893"}],"collection":[{"href":"https:\/\/archive.sana.sy\/es\/index.php?rest_route=\/wp\/v2\/posts"}],"about":[{"href":"https:\/\/archive.sana.sy\/es\/index.php?rest_route=\/wp\/v2\/types\/post"}],"author":[{"embeddable":true,"href":"https:\/\/archive.sana.sy\/es\/index.php?rest_route=\/wp\/v2\/users\/35"}],"replies":[{"embeddable":true,"href":"https:\/\/archive.sana.sy\/es\/index.php?rest_route=%2Fwp%2Fv2%2Fcomments&post=173893"}],"version-history":[{"count":0,"href":"https:\/\/archive.sana.sy\/es\/index.php?rest_route=\/wp\/v2\/posts\/173893\/revisions"}],"wp:attachment":[{"href":"https:\/\/archive.sana.sy\/es\/index.php?rest_route=%2Fwp%2Fv2%2Fmedia&parent=173893"}],"wp:term":[{"taxonomy":"category","embeddable":true,"href":"https:\/\/archive.sana.sy\/es\/index.php?rest_route=%2Fwp%2Fv2%2Fcategories&post=173893"},{"taxonomy":"post_tag","embeddable":true,"href":"https:\/\/archive.sana.sy\/es\/index.php?rest_route=%2Fwp%2Fv2%2Ftags&post=173893"}],"curies":[{"name":"wp","href":"https:\/\/api.w.org\/{rel}","templated":true}]}}