{"id":173918,"date":"2021-03-24T16:52:00","date_gmt":"2021-03-24T14:52:00","guid":{"rendered":"http:\/\/107.6.182.27\/es\/?p=173918"},"modified":"2023-01-10T14:29:40","modified_gmt":"2023-01-10T12:29:40","slug":"mas-victimas-civiles-por-estallido-de-minas-remanentes-de-terroristas-en-salamieh-hama","status":"publish","type":"post","link":"https:\/\/archive.sana.sy\/es\/?p=173918","title":{"rendered":"M\u00e1s v\u00edctimas civiles por estallido de minas remanentes de terroristas en Salamieh, Hama"},"content":{"rendered":"<p style=\"text-align: justify;\"><span style=\"color: #800000;\"><strong>Hama, SANA<\/strong><\/span><\/p>\n<p style=\"text-align: justify;\">Dos civiles murieron hoy por la explosi\u00f3n de una mina remanente de la organizaci\u00f3n terrorista del Daesh en la regi\u00f3n de Wadi Uzeib, en el campo del municipio de Salamieh, en el este de la provincia central de Hama.<\/p>\n<p style=\"text-align: justify;\">El Comando de Polic\u00eda de Hama inform\u00f3 al corresponsal de SANA que la mina estall\u00f3 al paso de una motocicleta y caus\u00f3 la muerte de un hombre y una mujer.<\/p>\n<p style=\"text-align: justify;\">El mi\u00e9rcoles de la semana pasada, una semejante explosi\u00f3n mat\u00f3 a tres ciudadanos, incluida una mujer, en el mismo municipio.<\/p>\n<p style=\"text-align: justify;\"><strong><span style=\"color: #0000ff;\">fm<\/span><\/strong><\/p>\n","protected":false},"excerpt":{"rendered":"<p>Hama, SANA Dos civiles murieron hoy por la explosi\u00f3n de una mina remanente de la organizaci\u00f3n terrorista del Daesh en la regi\u00f3n de Wadi Uzeib, en el campo del municipio de Salamieh, en el este de la provincia central de Hama. El Comando de Polic\u00eda de Hama inform\u00f3 al corresponsal de SANA que la mina &hellip;<\/p>\n","protected":false},"author":34,"featured_media":173919,"comment_status":"closed","ping_status":"closed","sticky":false,"template":"","format":"standard","meta":{"footnotes":""},"categories":[477,447,597,476,7541],"tags":[],"class_list":["post-173918","post","type-post","status-publish","format-standard","has-post-thumbnail","","category-noticias-edulcorantes","category-local-politica","category-cinta-de-noticias","category-locales","category-ultimas-noticias"],"_links":{"self":[{"href":"https:\/\/archive.sana.sy\/es\/index.php?rest_route=\/wp\/v2\/posts\/173918"}],"collection":[{"href":"https:\/\/archive.sana.sy\/es\/index.php?rest_route=\/wp\/v2\/posts"}],"about":[{"href":"https:\/\/archive.sana.sy\/es\/index.php?rest_route=\/wp\/v2\/types\/post"}],"author":[{"embeddable":true,"href":"https:\/\/archive.sana.sy\/es\/index.php?rest_route=\/wp\/v2\/users\/34"}],"replies":[{"embeddable":true,"href":"https:\/\/archive.sana.sy\/es\/index.php?rest_route=%2Fwp%2Fv2%2Fcomments&post=173918"}],"version-history":[{"count":0,"href":"https:\/\/archive.sana.sy\/es\/index.php?rest_route=\/wp\/v2\/posts\/173918\/revisions"}],"wp:featuredmedia":[{"embeddable":true,"href":"https:\/\/archive.sana.sy\/es\/index.php?rest_route=\/wp\/v2\/media\/173919"}],"wp:attachment":[{"href":"https:\/\/archive.sana.sy\/es\/index.php?rest_route=%2Fwp%2Fv2%2Fmedia&parent=173918"}],"wp:term":[{"taxonomy":"category","embeddable":true,"href":"https:\/\/archive.sana.sy\/es\/index.php?rest_route=%2Fwp%2Fv2%2Fcategories&post=173918"},{"taxonomy":"post_tag","embeddable":true,"href":"https:\/\/archive.sana.sy\/es\/index.php?rest_route=%2Fwp%2Fv2%2Ftags&post=173918"}],"curies":[{"name":"wp","href":"https:\/\/api.w.org\/{rel}","templated":true}]}}