{"id":173921,"date":"2021-03-24T17:03:06","date_gmt":"2021-03-24T15:03:06","guid":{"rendered":"http:\/\/107.6.182.27\/es\/?p=173921"},"modified":"2023-01-10T14:29:40","modified_gmt":"2023-01-10T12:29:40","slug":"el-ocupante-estadounidense-ingresa-a-hasakeh-80-nuevos-vehiculos-cargados-de-equipos-y-materiales-logisticos","status":"publish","type":"post","link":"https:\/\/archive.sana.sy\/es\/?p=173921","title":{"rendered":"El ocupante estadounidense ingresa a Hasakeh 80 nuevos veh\u00edculos cargados de equipos y materiales log\u00edsticos"},"content":{"rendered":"<p style=\"text-align: justify;\"><span style=\"color: #800000;\"><strong>Hasakeh, SANA<\/strong><\/span><\/p>\n<p style=\"text-align: justify;\">Las fuerzas de ocupaci\u00f3n estadounidenses introdujeron un convoy de veh\u00edculos cargados con materiales y equipos log\u00edsticos procedentes de Irak para reforzar sus bases ilegales en el campo de la provincia nororiental de Hasakeh.<\/p>\n<p style=\"text-align: justify;\">Activistas locales en el \u00e1rea de Sweidieh comunicaron a SANA que \u201clas fuerzas de ocupaci\u00f3n enviaron una columna de 80 veh\u00edculos, contenedores y camiones cisterna, y entraron en territorio sirio a trav\u00e9s del cruce ilegal de Al-Walid con Iraq, y se dirigieron hacia las bases de Washington en Hasakeh.<\/p>\n<p style=\"text-align: justify;\">Las fuentes indicaron que el convoy iba acompa\u00f1ado de varios autom\u00f3viles que transportaban a hombres armados pertenecientes a la milicia separatista FDS, apoyada por las fuerzas de ocupaci\u00f3n estadounidenses.<\/p>\n<p style=\"text-align: justify;\"><span style=\"color: #0000ff;\"><strong>fm<\/strong><\/span><\/p>\n","protected":false},"excerpt":{"rendered":"<p>Hasakeh, SANA Las fuerzas de ocupaci\u00f3n estadounidenses introdujeron un convoy de veh\u00edculos cargados con materiales y equipos log\u00edsticos procedentes de Irak para reforzar sus bases ilegales en el campo de la provincia nororiental de Hasakeh. Activistas locales en el \u00e1rea de Sweidieh comunicaron a SANA que \u201clas fuerzas de ocupaci\u00f3n enviaron una columna de 80 &hellip;<\/p>\n","protected":false},"author":34,"featured_media":173922,"comment_status":"closed","ping_status":"closed","sticky":false,"template":"","format":"standard","meta":{"footnotes":""},"categories":[447,477,597,573,476,457,7541],"tags":[],"class_list":["post-173921","post","type-post","status-publish","format-standard","has-post-thumbnail","","category-local-politica","category-noticias-edulcorantes","category-cinta-de-noticias","category-la-realidad-de-los-acontecimientos-en-siria","category-locales","category-noticias-arabe-internacional-politica","category-ultimas-noticias"],"_links":{"self":[{"href":"https:\/\/archive.sana.sy\/es\/index.php?rest_route=\/wp\/v2\/posts\/173921"}],"collection":[{"href":"https:\/\/archive.sana.sy\/es\/index.php?rest_route=\/wp\/v2\/posts"}],"about":[{"href":"https:\/\/archive.sana.sy\/es\/index.php?rest_route=\/wp\/v2\/types\/post"}],"author":[{"embeddable":true,"href":"https:\/\/archive.sana.sy\/es\/index.php?rest_route=\/wp\/v2\/users\/34"}],"replies":[{"embeddable":true,"href":"https:\/\/archive.sana.sy\/es\/index.php?rest_route=%2Fwp%2Fv2%2Fcomments&post=173921"}],"version-history":[{"count":0,"href":"https:\/\/archive.sana.sy\/es\/index.php?rest_route=\/wp\/v2\/posts\/173921\/revisions"}],"wp:featuredmedia":[{"embeddable":true,"href":"https:\/\/archive.sana.sy\/es\/index.php?rest_route=\/wp\/v2\/media\/173922"}],"wp:attachment":[{"href":"https:\/\/archive.sana.sy\/es\/index.php?rest_route=%2Fwp%2Fv2%2Fmedia&parent=173921"}],"wp:term":[{"taxonomy":"category","embeddable":true,"href":"https:\/\/archive.sana.sy\/es\/index.php?rest_route=%2Fwp%2Fv2%2Fcategories&post=173921"},{"taxonomy":"post_tag","embeddable":true,"href":"https:\/\/archive.sana.sy\/es\/index.php?rest_route=%2Fwp%2Fv2%2Ftags&post=173921"}],"curies":[{"name":"wp","href":"https:\/\/api.w.org\/{rel}","templated":true}]}}