{"id":173927,"date":"2021-03-24T18:57:48","date_gmt":"2021-03-24T16:57:48","guid":{"rendered":"http:\/\/107.6.182.27\/es\/?p=173927"},"modified":"2021-03-25T08:03:28","modified_gmt":"2021-03-25T06:03:28","slug":"siria-y-rusia-expresan-determinacion-para-asegurar-el-retorno-de-los-desplazados","status":"publish","type":"post","link":"https:\/\/archive.sana.sy\/es\/?p=173927","title":{"rendered":"Siria y Rusia expresan determinaci\u00f3n para asegurar el retorno de los desplazados"},"content":{"rendered":"<p style=\"text-align: justify;\"><strong><span style=\"color: #800000;\">Damasco, SANA<\/span><\/strong><\/p>\n<p style=\"text-align: justify;\">Siria y Rusia ratificaron su voluntad para restablecer la normalidad en las \u00e1reas liberadas del terrorismo en Siria y asegurar el retorno digno de los ciudadanos desplazados.<\/p>\n<p style=\"text-align: justify;\">El ministro de Administraci\u00f3n Local y Medio Ambiente, Hussein Makhlouf, inform\u00f3 sobre los esfuerzos del Estado sirio para asegurar el retorno digno de los refugiados a sus lugares de origen.<\/p>\n<p style=\"text-align: justify;\">Makhlouf explic\u00f3 que el Estado ha tomado la iniciativa de enfocarse en reconstruir la infraestructura, implementar operaciones humanitarias, brindar asistencia m\u00e9dica a la poblaci\u00f3n, realizar operaciones de desminado, adem\u00e1s de prestar ayuda a los desplazados y restablecer los servicios b\u00e1sicos en las \u00e1reas liberadas del terrorismo por el Ej\u00e9rcito \u00c1rabe Sirio.<\/p>\n<p style=\"text-align: justify;\">A su vez, el general Alexander Karpov, subdirector del Centro de Coordinaci\u00f3n de Rusia, se\u00f1al\u00f3 que ambas partes trabajan activamente para devolver a sus lugares a los sirios desplazados, y revel\u00f3 que alrededor de dos millones 230 mil 909 ciudadanos de esa naci\u00f3n han regresado a sus lugares hasta la fecha.<\/p>\n<p style=\"text-align: justify;\">\u201cLas \u00e1reas bajo el control del Gobierno son testigos de una gran actividad, mientras que la zona de desescalada en Idleb es objeto de malas condiciones que allanan el camino para una cat\u00e1strofe humanitaria debido al aumento de la violencia\u201d, resalt\u00f3.<\/p>\n<p style=\"text-align: justify;\">El alto oficial ruso, asever\u00f3 que su pa\u00eds continuar\u00e1 sus iniciativas para abrir cruces humanitarios en coordinaci\u00f3n con el Estado sirio, y pidi\u00f3 al r\u00e9gimen turco que retire a sus bandas terroristas expandidas cerca de los corredores humanitarios.<\/p>\n<p style=\"text-align: justify;\">Por su parte, el jefe de la administraci\u00f3n pol\u00edtica del Ej\u00e9rcito sirio, el general de divisi\u00f3n Hassan Suleiman, confirm\u00f3 que las violaciones de las organizaciones terroristas leales a las fuerzas de ocupaci\u00f3n turcas obstaculizan los esfuerzos sirio-rusos para evacuar a los civiles en las \u00e1reas controladas por ellos en Idlib \u201d, y agreg\u00f3 que siguen con un enfoque destinado a &#8220;cambiar la estructura demogr\u00e1fica de las \u00e1reas que ocupa\u201d.<\/p>\n<p style=\"text-align: justify;\">Adem\u00e1s se\u00f1al\u00f3 que las fuerzas de ocupaci\u00f3n estadounidenses contin\u00faan ingresando convoyes de armas y suministros log\u00edsticos a sus bases ilegales, con el fin de consolidar su presencia y apoyar a las milicias separatistas.<\/p>\n<p style=\"text-align: justify;\">\u201cDichas fuerzas junto con sus milicias mercenarias siguen saqueando petr\u00f3leo y recursos sirios, adem\u00e1s las tropas de EE.UU. contin\u00faan trasladando terroristas del Daesh con fin de lanzar nuevos ataques contra los civiles\u201d, manifest\u00f3.<\/p>\n<p style=\"text-align: justify;\"><strong><span style=\"color: #0000ff;\"><em>mm\/fm<\/em><\/span><\/strong><\/p>\n","protected":false},"excerpt":{"rendered":"<p>Damasco, SANA Siria y Rusia ratificaron su voluntad para restablecer la normalidad en las \u00e1reas liberadas del terrorismo en Siria y asegurar el retorno digno de los ciudadanos desplazados. El ministro de Administraci\u00f3n Local y Medio Ambiente, Hussein Makhlouf, inform\u00f3 sobre los esfuerzos del Estado sirio para asegurar el retorno digno de los refugiados a &hellip;<\/p>\n","protected":false},"author":36,"featured_media":173928,"comment_status":"closed","ping_status":"closed","sticky":false,"template":"","format":"standard","meta":{"footnotes":""},"categories":[597,476,7541],"tags":[],"class_list":["post-173927","post","type-post","status-publish","format-standard","has-post-thumbnail","","category-cinta-de-noticias","category-locales","category-ultimas-noticias"],"_links":{"self":[{"href":"https:\/\/archive.sana.sy\/es\/index.php?rest_route=\/wp\/v2\/posts\/173927"}],"collection":[{"href":"https:\/\/archive.sana.sy\/es\/index.php?rest_route=\/wp\/v2\/posts"}],"about":[{"href":"https:\/\/archive.sana.sy\/es\/index.php?rest_route=\/wp\/v2\/types\/post"}],"author":[{"embeddable":true,"href":"https:\/\/archive.sana.sy\/es\/index.php?rest_route=\/wp\/v2\/users\/36"}],"replies":[{"embeddable":true,"href":"https:\/\/archive.sana.sy\/es\/index.php?rest_route=%2Fwp%2Fv2%2Fcomments&post=173927"}],"version-history":[{"count":0,"href":"https:\/\/archive.sana.sy\/es\/index.php?rest_route=\/wp\/v2\/posts\/173927\/revisions"}],"wp:featuredmedia":[{"embeddable":true,"href":"https:\/\/archive.sana.sy\/es\/index.php?rest_route=\/wp\/v2\/media\/173928"}],"wp:attachment":[{"href":"https:\/\/archive.sana.sy\/es\/index.php?rest_route=%2Fwp%2Fv2%2Fmedia&parent=173927"}],"wp:term":[{"taxonomy":"category","embeddable":true,"href":"https:\/\/archive.sana.sy\/es\/index.php?rest_route=%2Fwp%2Fv2%2Fcategories&post=173927"},{"taxonomy":"post_tag","embeddable":true,"href":"https:\/\/archive.sana.sy\/es\/index.php?rest_route=%2Fwp%2Fv2%2Ftags&post=173927"}],"curies":[{"name":"wp","href":"https:\/\/api.w.org\/{rel}","templated":true}]}}