{"id":173968,"date":"2021-03-25T08:31:47","date_gmt":"2021-03-25T06:31:47","guid":{"rendered":"http:\/\/107.6.182.27\/es\/?p=173968"},"modified":"2023-01-12T14:41:44","modified_gmt":"2023-01-12T12:41:44","slug":"demuelen-tropas-israelies-un-poblado-palestino-por-185-a-vez","status":"publish","type":"post","link":"https:\/\/archive.sana.sy\/es\/?p=173968","title":{"rendered":"Demuelen tropas israel\u00edes un poblado palestino por 185 \u00aa vez"},"content":{"rendered":"<p style=\"text-align: justify;\"><span style=\"color: #800000;\"><strong>Jerusal\u00e9n ocupada, SANA<\/strong><\/span><\/p>\n<p style=\"text-align: justify;\">Las fuerzas de ocupaci\u00f3n israel\u00edes demolieron por 185\u00aa vez la aldea de Al-Araqib en la regi\u00f3n de Naqueb en los territorios palestinos ocupados en 1948.<\/p>\n<p style=\"text-align: justify;\">Seg\u00fan difundi\u00f3 la agencia palestina WAFA, las tropas sionistas irrumpieron en la aldea con sus excavadoras donde demolieron casas, tiendas de campa\u00f1a palestinas y desplazaron a sus familias.<\/p>\n<p style=\"text-align: justify;\">Los residentes de Al-Araqib afirman su rechazo a los planes de ocupaci\u00f3n que demolieron decenas de aldeas en los territorios palestinos ocupados con el objetivo de desplazar a sus habitantes y apoderarse de sus tierras.<\/p>\n<p style=\"text-align: justify;\">Asimismo, los soldados sionistas arrestaron a 24 palestinos en diferentes \u00e1reas de Cisjordania.<\/p>\n<p style=\"text-align: justify;\"><strong><span style=\"color: #0000ff;\">ed\/fm<\/span><\/strong><\/p>\n","protected":false},"excerpt":{"rendered":"<p>Jerusal\u00e9n ocupada, SANA Las fuerzas de ocupaci\u00f3n israel\u00edes demolieron por 185\u00aa vez la aldea de Al-Araqib en la regi\u00f3n de Naqueb en los territorios palestinos ocupados en 1948. Seg\u00fan difundi\u00f3 la agencia palestina WAFA, las tropas sionistas irrumpieron en la aldea con sus excavadoras donde demolieron casas, tiendas de campa\u00f1a palestinas y desplazaron a sus &hellip;<\/p>\n","protected":false},"author":32,"featured_media":173969,"comment_status":"closed","ping_status":"closed","sticky":false,"template":"","format":"standard","meta":{"footnotes":""},"categories":[597,456,7541],"tags":[],"class_list":["post-173968","post","type-post","status-publish","format-standard","has-post-thumbnail","","category-cinta-de-noticias","category-arabe-internacional-politica","category-ultimas-noticias"],"_links":{"self":[{"href":"https:\/\/archive.sana.sy\/es\/index.php?rest_route=\/wp\/v2\/posts\/173968"}],"collection":[{"href":"https:\/\/archive.sana.sy\/es\/index.php?rest_route=\/wp\/v2\/posts"}],"about":[{"href":"https:\/\/archive.sana.sy\/es\/index.php?rest_route=\/wp\/v2\/types\/post"}],"author":[{"embeddable":true,"href":"https:\/\/archive.sana.sy\/es\/index.php?rest_route=\/wp\/v2\/users\/32"}],"replies":[{"embeddable":true,"href":"https:\/\/archive.sana.sy\/es\/index.php?rest_route=%2Fwp%2Fv2%2Fcomments&post=173968"}],"version-history":[{"count":0,"href":"https:\/\/archive.sana.sy\/es\/index.php?rest_route=\/wp\/v2\/posts\/173968\/revisions"}],"wp:featuredmedia":[{"embeddable":true,"href":"https:\/\/archive.sana.sy\/es\/index.php?rest_route=\/wp\/v2\/media\/173969"}],"wp:attachment":[{"href":"https:\/\/archive.sana.sy\/es\/index.php?rest_route=%2Fwp%2Fv2%2Fmedia&parent=173968"}],"wp:term":[{"taxonomy":"category","embeddable":true,"href":"https:\/\/archive.sana.sy\/es\/index.php?rest_route=%2Fwp%2Fv2%2Fcategories&post=173968"},{"taxonomy":"post_tag","embeddable":true,"href":"https:\/\/archive.sana.sy\/es\/index.php?rest_route=%2Fwp%2Fv2%2Ftags&post=173968"}],"curies":[{"name":"wp","href":"https:\/\/api.w.org\/{rel}","templated":true}]}}