{"id":174022,"date":"2021-03-25T19:00:06","date_gmt":"2021-03-25T17:00:06","guid":{"rendered":"http:\/\/107.6.182.27\/es\/?p=174022"},"modified":"2023-01-12T14:41:44","modified_gmt":"2023-01-12T12:41:44","slug":"rusia-reanuda-vuelos-con-varios-paises-entre-ellos-esta-siria","status":"publish","type":"post","link":"https:\/\/archive.sana.sy\/es\/?p=174022","title":{"rendered":"Rusia reanuda vuelos con varios pa\u00edses, entre ellos est\u00e1 Siria"},"content":{"rendered":"<p style=\"text-align: justify;\"><span style=\"color: #800000;\"><strong>Mosc\u00fa, SANA<\/strong><\/span><\/p>\n<p style=\"text-align: justify;\">La Agencia de Lucha contra Transmisi\u00f3n y Propagaci\u00f3n del Nuevo Coronavirus de Rusia anunci\u00f3 la reanudaci\u00f3n del transporte a\u00e9reo civil para pasajeros con varios pa\u00edses.<\/p>\n<p style=\"text-align: justify;\">La autoridad dijo en una declaraci\u00f3n que \u201cde acuerdo con el primer ministro ruso, Mikhail Mishustin, se ha tomado la decisi\u00f3n de reanudar el transporte a\u00e9reo desde principios de abril pr\u00f3ximo, de forma rec\u00edproca con Siria, Alemania, Venezuela, Tayikist\u00e1n, Uzbekist\u00e1n y Sri Lanka\u201d.<\/p>\n<p style=\"text-align: justify;\">Indic\u00f3 que, con Siria, los vuelos se realizar\u00edan una vez a la semana entre Mosc\u00fa y Damasco.<\/p>\n<p style=\"text-align: justify;\"><span style=\"color: #0000ff;\">sm\/rsh<\/span><\/p>\n","protected":false},"excerpt":{"rendered":"<p>Mosc\u00fa, SANA La Agencia de Lucha contra Transmisi\u00f3n y Propagaci\u00f3n del Nuevo Coronavirus de Rusia anunci\u00f3 la reanudaci\u00f3n del transporte a\u00e9reo civil para pasajeros con varios pa\u00edses. La autoridad dijo en una declaraci\u00f3n que \u201cde acuerdo con el primer ministro ruso, Mikhail Mishustin, se ha tomado la decisi\u00f3n de reanudar el transporte a\u00e9reo desde principios &hellip;<\/p>\n","protected":false},"author":39,"featured_media":174023,"comment_status":"closed","ping_status":"closed","sticky":false,"template":"","format":"standard","meta":{"footnotes":""},"categories":[597,456,7541],"tags":[],"class_list":["post-174022","post","type-post","status-publish","format-standard","has-post-thumbnail","","category-cinta-de-noticias","category-arabe-internacional-politica","category-ultimas-noticias"],"_links":{"self":[{"href":"https:\/\/archive.sana.sy\/es\/index.php?rest_route=\/wp\/v2\/posts\/174022"}],"collection":[{"href":"https:\/\/archive.sana.sy\/es\/index.php?rest_route=\/wp\/v2\/posts"}],"about":[{"href":"https:\/\/archive.sana.sy\/es\/index.php?rest_route=\/wp\/v2\/types\/post"}],"author":[{"embeddable":true,"href":"https:\/\/archive.sana.sy\/es\/index.php?rest_route=\/wp\/v2\/users\/39"}],"replies":[{"embeddable":true,"href":"https:\/\/archive.sana.sy\/es\/index.php?rest_route=%2Fwp%2Fv2%2Fcomments&post=174022"}],"version-history":[{"count":0,"href":"https:\/\/archive.sana.sy\/es\/index.php?rest_route=\/wp\/v2\/posts\/174022\/revisions"}],"wp:featuredmedia":[{"embeddable":true,"href":"https:\/\/archive.sana.sy\/es\/index.php?rest_route=\/wp\/v2\/media\/174023"}],"wp:attachment":[{"href":"https:\/\/archive.sana.sy\/es\/index.php?rest_route=%2Fwp%2Fv2%2Fmedia&parent=174022"}],"wp:term":[{"taxonomy":"category","embeddable":true,"href":"https:\/\/archive.sana.sy\/es\/index.php?rest_route=%2Fwp%2Fv2%2Fcategories&post=174022"},{"taxonomy":"post_tag","embeddable":true,"href":"https:\/\/archive.sana.sy\/es\/index.php?rest_route=%2Fwp%2Fv2%2Ftags&post=174022"}],"curies":[{"name":"wp","href":"https:\/\/api.w.org\/{rel}","templated":true}]}}